{"id":66803,"date":"2024-06-17T07:01:49","date_gmt":"2024-06-17T11:01:49","guid":{"rendered":"https:\/\/jms.com.bo\/mediamonitor\/2024\/06\/17\/tarija-gremiales-definiran-el-lunes-si-van-al-paro-indefinido\/"},"modified":"2024-06-17T07:01:49","modified_gmt":"2024-06-17T11:01:49","slug":"tarija-gremiales-definiran-el-lunes-si-van-al-paro-indefinido","status":"publish","type":"post","link":"https:\/\/jms.com.bo\/mediamonitor\/2024\/06\/17\/tarija-gremiales-definiran-el-lunes-si-van-al-paro-indefinido\/","title":{"rendered":"Tarija: Gremiales definir\u00e1n el lunes si van al paro indefinido"},"content":{"rendered":"<p style=\"text-align: justify;\">A nivel nacional, sectores como el transporte pesado, gremiales e incluso el Comit\u00e9 Nacional de Defensa de la Democracia (Conade) en Santa Cruz, acordaron ir al bloqueo y paro indefinido desde el lunes 17 de junio. En Tarija, la Federaci\u00f3n de Trabajadores Gremiales liderada por Juan Carlos Vargas a\u00fan no ha definido si acatar\u00e1 estas movilizaciones, mencion\u00f3 que esto reci\u00e9n se definir\u00e1 el lunes en un ampliado nacional a realizarse en La Paz, a partir de ello se anunciar\u00e1n las medidas que se adoptar\u00e1n en el departamento.<\/p>\n<p style=\"text-align: justify;\">Cabe recordar que a nivel nacional se hab\u00eda anunciado que el transporte pesado y el sector gremial hab\u00edan unido fuerzas para iniciar con el bloqueo de caminos a partir del lunes, esto como una medida de protesta por la crisis econ\u00f3mica, principalmente por la escasez de d\u00f3lares, que afecta la actividad comercial del sector.<\/p>\n<p style=\"text-align: justify;\">El dirigente de la Federaci\u00f3n de Gremiales paralela en Tarija, Juan Carlos Vargas, mencion\u00f3 que para el d\u00eda lunes se tiene un ampliado nacional de emergencia, para analizar las medidas que se van a adoptar frente a la no atenci\u00f3n del Gobierno nacional a su pliego petitorio.<\/p>\n<p style=\"text-align: justify;\">Vargas indic\u00f3 que, en el caso de Tarija, las medidas depender\u00e1n de ese ampliado, no quiso confirmar ni descartar un posible bloqueo de carreteras.<\/p>\n<p style=\"text-align: justify;\">Consultado si hubo alguna coordinaci\u00f3n con el transporte pesado en Tarija para las movilizaciones que puedan darse en la siguiente semana, Vargas explic\u00f3 que este s\u00e1bado se re\u00fanen los ejecutivos del transporte y el representante de la Confederaci\u00f3n de Gremiales de Bolivia, Jes\u00fas Cahuana, a partir de ello ya se establecer\u00e1n las directrices para las bases.<\/p>\n<p style=\"text-align: justify;\">\u201cEl lunes tenemos el ampliado nacional, pero es probable que el d\u00eda martes demos a conocer las resoluciones que se vayan a adoptar de este encuentro, para que veamos qu\u00e9 medidas tomar y c\u00f3mo vamos a solucionar este problema que est\u00e1 afectando a todos los sectores, no solamente al nuestro, por la dif\u00edcil situaci\u00f3n econ\u00f3mica\u201d, dijo.<\/p>\n<p style=\"text-align: justify;\">Sobre este tema, el ejecutivo de la Federaci\u00f3n del Autotransporte \u201c15 de Abril\u201d, Gabriel P\u00e9rez, confirm\u00f3 que a nivel nacional el transporte federado no apoyar\u00e1 estas movilizaciones. Sin embargo, se esperanz\u00f3 que en el transcurso de estos d\u00edas el Gobierno pueda sostener mesas de di\u00e1logo con los sectores movilizados para evitar estos bloqueos que solamente afectan al pa\u00eds.<\/p>\n<p style=\"text-align: justify;\">P\u00e9rez dijo haber tomado conocimiento que en el transcurso de estas horas se tienen previstas varias reuniones en donde se analizar\u00e1 el pliego petitorio.<\/p>\n<p style=\"text-align: justify;\">Efectivamente, la dirigencia del transporte pesado y el ministro de Obras P\u00fablicas, Edgar Monta\u00f1o, en el transcurso de la presente jornada, instalar\u00e1n mesas de trabajo. De ese proceso de di\u00e1logo depender\u00e1 si se mantiene o no la amenaza del bloqueo de caminos.<\/p>\n","protected":false},"excerpt":{"rendered":"<p>A nivel nacional, sectores como el transporte pesado, gremiales e incluso el Comit\u00e9 Nacional de Defensa de la Democracia (Conade) en Santa Cruz, acordaron ir al bloqueo y paro indefinido desde el lunes 17 de junio. En Tarija, la Federaci\u00f3n de Trabajadores Gremiales liderada por Juan Carlos Vargas a\u00fan no ha definido si acatar\u00e1 estas [&hellip;]<\/p>\n","protected":false},"author":4,"featured_media":66804,"comment_status":"open","ping_status":"closed","sticky":false,"template":"","format":"standard","meta":{"footnotes":""},"categories":[49],"tags":[],"class_list":{"0":"post-66803","1":"post","2":"type-post","3":"status-publish","4":"format-standard","5":"has-post-thumbnail","7":"category-social"},"_links":{"self":[{"href":"https:\/\/jms.com.bo\/mediamonitor\/wp-json\/wp\/v2\/posts\/66803","targetHints":{"allow":["GET"]}}],"collection":[{"href":"https:\/\/jms.com.bo\/mediamonitor\/wp-json\/wp\/v2\/posts"}],"about":[{"href":"https:\/\/jms.com.bo\/mediamonitor\/wp-json\/wp\/v2\/types\/post"}],"author":[{"embeddable":true,"href":"https:\/\/jms.com.bo\/mediamonitor\/wp-json\/wp\/v2\/users\/4"}],"replies":[{"embeddable":true,"href":"https:\/\/jms.com.bo\/mediamonitor\/wp-json\/wp\/v2\/comments?post=66803"}],"version-history":[{"count":0,"href":"https:\/\/jms.com.bo\/mediamonitor\/wp-json\/wp\/v2\/posts\/66803\/revisions"}],"wp:featuredmedia":[{"embeddable":true,"href":"https:\/\/jms.com.bo\/mediamonitor\/wp-json\/wp\/v2\/media\/66804"}],"wp:attachment":[{"href":"https:\/\/jms.com.bo\/mediamonitor\/wp-json\/wp\/v2\/media?parent=66803"}],"wp:term":[{"taxonomy":"category","embeddable":true,"href":"https:\/\/jms.com.bo\/mediamonitor\/wp-json\/wp\/v2\/categories?post=66803"},{"taxonomy":"post_tag","embeddable":true,"href":"https:\/\/jms.com.bo\/mediamonitor\/wp-json\/wp\/v2\/tags?post=66803"}],"curies":[{"name":"wp","href":"https:\/\/api.w.org\/{rel}","templated":true}]}}