{"id":66805,"date":"2024-06-17T07:13:32","date_gmt":"2024-06-17T11:13:32","guid":{"rendered":"https:\/\/jms.com.bo\/mediamonitor\/2024\/06\/17\/bolivia-reunira-a-autoridades-de-telecomunicaciones-de-europa-y-latinoamerica-en-foro-internacional\/"},"modified":"2024-06-17T07:13:32","modified_gmt":"2024-06-17T11:13:32","slug":"bolivia-reunira-a-autoridades-de-telecomunicaciones-de-europa-y-latinoamerica-en-foro-internacional","status":"publish","type":"post","link":"https:\/\/jms.com.bo\/mediamonitor\/2024\/06\/17\/bolivia-reunira-a-autoridades-de-telecomunicaciones-de-europa-y-latinoamerica-en-foro-internacional\/","title":{"rendered":"Bolivia reunir\u00e1 a autoridades de telecomunicaciones de Europa y Latinoam\u00e9rica en foro internacional"},"content":{"rendered":"<p style=\"text-align: justify;\">La ciudad de Santa Cruz ser\u00e1 la sede de II Foro Internacional de Telecomunicaciones y TICs \u00abConectividad para la industrializaci\u00f3n\u00bb, que reunir\u00e1, el 20 y 21 de junio, a autoridades de las Telecomunicaciones de Europa y Latinoam\u00e9rica, anunci\u00f3 este domingo el director Ejecutivo de la Autoridad de Regulaci\u00f3n y Fiscalizaci\u00f3n de Telecomunicaciones y Transportes (ATT), N\u00e9stor R\u00edos.<\/p>\n<p style=\"text-align: justify;\">El objetivo principal es fomentar la cooperaci\u00f3n y el intercambio de conocimientos y experiencias entre los reguladores de telecomunicaciones de Latinoam\u00e9rica y Europa. El evento se desarrollar\u00e1 en el Hotel Los Tajibos de la capital cruce\u00f1a.<\/p>\n<p style=\"text-align: justify;\">En una entrevista en Bolivia Tv, R\u00edos inform\u00f3 que Bolivia asumi\u00f3 la presidencia del Foro Latinoamericano de entes reguladores, un espacio de debate y an\u00e1lisis cr\u00edtico para construir \u201cla tendencia, el camino, la pol\u00edtica y las regulaciones necesarias para consolidar las telecomunicaciones\u201d<\/p>\n<p style=\"text-align: justify;\">Explic\u00f3 que en contacto con el presidente del Organismo de Reguladores Europeos de las Comunicaciones Electr\u00f3nicas (Berec, por sus siglas en ingl\u00e9s) se acord\u00f3 consolidar la primera reuni\u00f3n latinoamericana y europea para tratar las telecomunicaciones y TICs en territorio boliviano.<\/p>\n<p style=\"text-align: justify;\">\u00abEs un hito hist\u00f3rico no s\u00f3lo para las telecomunicaciones, sino para Bolivia apuntalarse como el centro de la regi\u00f3n, el centro de la conectividad donde se har\u00e1 un an\u00e1lisis y un debate internacional a nivel global entre los reguladores de la Uni\u00f3n Europea y los reguladores de Latinoam\u00e9rica\u201d, destac\u00f3 R\u00edos.<\/p>\n<p style=\"text-align: justify;\">El Gobierno trabaja de forma ardua en consolidar la pol\u00edtica de la industrializaci\u00f3n y, en ese prop\u00f3sito, se debe considerar el salto hacia la quinta revoluci\u00f3n industrial incorporando la telemetr\u00eda para generar la eficiencia de la industria, adem\u00e1s, de la automatizaci\u00f3n y la inteligencia artificial.<\/p>\n<p style=\"text-align: justify;\">En este foro internacional participaran alcaldes, gobernadores, ministros, directores de las diferentes c\u00e1maras empresariales, representantes de universidades, entre otros sectores.<\/p>\n","protected":false},"excerpt":{"rendered":"<p>La ciudad de Santa Cruz ser\u00e1 la sede de II Foro Internacional de Telecomunicaciones y TICs \u00abConectividad para la industrializaci\u00f3n\u00bb, que reunir\u00e1, el 20 y 21 de junio, a autoridades de las Telecomunicaciones de Europa y Latinoam\u00e9rica, anunci\u00f3 este domingo el director Ejecutivo de la Autoridad de Regulaci\u00f3n y Fiscalizaci\u00f3n de Telecomunicaciones y Transportes (ATT), [&hellip;]<\/p>\n","protected":false},"author":4,"featured_media":66806,"comment_status":"open","ping_status":"closed","sticky":false,"template":"","format":"standard","meta":{"footnotes":""},"categories":[20],"tags":[],"class_list":{"0":"post-66805","1":"post","2":"type-post","3":"status-publish","4":"format-standard","5":"has-post-thumbnail","7":"category-actualidad"},"_links":{"self":[{"href":"https:\/\/jms.com.bo\/mediamonitor\/wp-json\/wp\/v2\/posts\/66805","targetHints":{"allow":["GET"]}}],"collection":[{"href":"https:\/\/jms.com.bo\/mediamonitor\/wp-json\/wp\/v2\/posts"}],"about":[{"href":"https:\/\/jms.com.bo\/mediamonitor\/wp-json\/wp\/v2\/types\/post"}],"author":[{"embeddable":true,"href":"https:\/\/jms.com.bo\/mediamonitor\/wp-json\/wp\/v2\/users\/4"}],"replies":[{"embeddable":true,"href":"https:\/\/jms.com.bo\/mediamonitor\/wp-json\/wp\/v2\/comments?post=66805"}],"version-history":[{"count":0,"href":"https:\/\/jms.com.bo\/mediamonitor\/wp-json\/wp\/v2\/posts\/66805\/revisions"}],"wp:featuredmedia":[{"embeddable":true,"href":"https:\/\/jms.com.bo\/mediamonitor\/wp-json\/wp\/v2\/media\/66806"}],"wp:attachment":[{"href":"https:\/\/jms.com.bo\/mediamonitor\/wp-json\/wp\/v2\/media?parent=66805"}],"wp:term":[{"taxonomy":"category","embeddable":true,"href":"https:\/\/jms.com.bo\/mediamonitor\/wp-json\/wp\/v2\/categories?post=66805"},{"taxonomy":"post_tag","embeddable":true,"href":"https:\/\/jms.com.bo\/mediamonitor\/wp-json\/wp\/v2\/tags?post=66805"}],"curies":[{"name":"wp","href":"https:\/\/api.w.org\/{rel}","templated":true}]}}