{"id":66810,"date":"2024-06-17T07:16:27","date_gmt":"2024-06-17T11:16:27","guid":{"rendered":"https:\/\/jms.com.bo\/mediamonitor\/2024\/06\/17\/transporte-pesado-no-va-al-bloqueo-pero-se-mantiene-en-estado-de-emergencia\/"},"modified":"2024-06-17T07:16:27","modified_gmt":"2024-06-17T11:16:27","slug":"transporte-pesado-no-va-al-bloqueo-pero-se-mantiene-en-estado-de-emergencia","status":"publish","type":"post","link":"https:\/\/jms.com.bo\/mediamonitor\/2024\/06\/17\/transporte-pesado-no-va-al-bloqueo-pero-se-mantiene-en-estado-de-emergencia\/","title":{"rendered":"Transporte pesado no va al bloqueo, pero se mantiene en estado de emergencia"},"content":{"rendered":"<p style=\"text-align: justify;\">Luego de la reuni\u00f3n con el presidente Luis Arce en Casa Grande del Pueblo, la dirigencia de la C\u00e1mara Boliviana del Transporte Nacional e Internacional (CBT) determin\u00f3 ya no bloquear las carreteras, pero afirm\u00f3 que se mantienen en estado de emergencia.<\/p>\n<p style=\"text-align: justify;\">El presidente de la CBT, H\u00e9ctor Mercado, sostuvo que, en el encuentro con el mandatario, efectuado aproximadamente desde el mediod\u00eda hasta las 16.00 de este domingo, no se lleg\u00f3 a acuerdos puntuales, por lo que se esperar\u00e1 el tiempo solicitado por el Gobierno para que se d\u00e9 soluci\u00f3n a sus demandas.<\/p>\n<p style=\"text-align: justify;\">\u201cNo se ha llegado a ninguna conclusi\u00f3n; sin embargo, ma\u00f1ana no hay bloqueo, pero s\u00ed estamos en emergencia. El gobierno ha pedido un tiempo para solucionar los problemas, tema combustible, d\u00f3lares, Aduana, Impuestos Internos, toda la problem\u00e1tica del transporte pesado porque no nos han aceptado la renuncia de ninguna de las dos partes\u201d, indic\u00f3 al salir del encuentro.<\/p>\n<p style=\"text-align: justify;\">Este gremio anunci\u00f3 la semana pasada que desde este lunes se iniciar\u00eda un bloqueo de caminos indefinido toda vez que el Gobierno no atend\u00eda sus demandas como la falta de d\u00f3lares, la escasez de di\u00e9sel, y las renuncias de la presidente de la Aduana, Karina Serrudo y de Impuestos Nacionales, Mario Caz\u00f3n, por los \u201cabusos\u201d que comenten contra los transportistas.<\/p>\n<p style=\"text-align: justify;\">Mesas<br \/>\nEl ministro de Obras P\u00fablicas, \u00c9dgar Monta\u00f1o, acompa\u00f1ado de su colega de Econom\u00eda, Marcelo Montenegro; de los viceministros de Seguridad Ciudadana, Roberto R\u00edos; y de Transporte, Enrique Ponce. Adem\u00e1s, de la presidenta de la Aduana, de Impuestos Nacionales, y el director de la ANH, Germ\u00e1n Jim\u00e9nez; inform\u00f3 que, luego de la reuni\u00f3n con Arce, el paro de transporte pesado indefinido fue suspendido.<\/p>\n<p style=\"text-align: justify;\">\u201cNo va haber ning\u00fan bloqueo, eso es lo que han dicho y se han comprometido los hermanos transportistas, ayer tambi\u00e9n se ratific\u00f3 aquellos que no va haber ninguna medida de presi\u00f3n, en ese entendido es que en 90 d\u00edas nos volveremos a reunir\u201d, dijo Monta\u00f1o.<\/p>\n<p style=\"text-align: justify;\">Antes del encuentro con el mandatario, el transporte pesado se reuni\u00f3 entre el viernes y s\u00e1bado con diferentes autoridades de Estado para que atiendan sus demandas.<\/p>\n<p style=\"text-align: justify;\">Durante el s\u00e1bado, y por m\u00e1s de 13 horas de reuni\u00f3n, el di\u00e1logo entre el Gobierno y la CBT culmin\u00f3 solo con la firma de un acta sin acuerdos y se dej\u00f3 en manos del presidente Luis Arce para escuchar al gremio desde el mediod\u00eda de este domingo.<\/p>\n","protected":false},"excerpt":{"rendered":"<p>Luego de la reuni\u00f3n con el presidente Luis Arce en Casa Grande del Pueblo, la dirigencia de la C\u00e1mara Boliviana del Transporte Nacional e Internacional (CBT) determin\u00f3 ya no bloquear las carreteras, pero afirm\u00f3 que se mantienen en estado de emergencia. El presidente de la CBT, H\u00e9ctor Mercado, sostuvo que, en el encuentro con el [&hellip;]<\/p>\n","protected":false},"author":4,"featured_media":66811,"comment_status":"open","ping_status":"closed","sticky":false,"template":"","format":"standard","meta":{"footnotes":""},"categories":[20,47,48],"tags":[],"class_list":{"0":"post-66810","1":"post","2":"type-post","3":"status-publish","4":"format-standard","5":"has-post-thumbnail","7":"category-actualidad","8":"category-portada-actualidad","9":"category-portada-general-sitio"},"_links":{"self":[{"href":"https:\/\/jms.com.bo\/mediamonitor\/wp-json\/wp\/v2\/posts\/66810","targetHints":{"allow":["GET"]}}],"collection":[{"href":"https:\/\/jms.com.bo\/mediamonitor\/wp-json\/wp\/v2\/posts"}],"about":[{"href":"https:\/\/jms.com.bo\/mediamonitor\/wp-json\/wp\/v2\/types\/post"}],"author":[{"embeddable":true,"href":"https:\/\/jms.com.bo\/mediamonitor\/wp-json\/wp\/v2\/users\/4"}],"replies":[{"embeddable":true,"href":"https:\/\/jms.com.bo\/mediamonitor\/wp-json\/wp\/v2\/comments?post=66810"}],"version-history":[{"count":0,"href":"https:\/\/jms.com.bo\/mediamonitor\/wp-json\/wp\/v2\/posts\/66810\/revisions"}],"wp:featuredmedia":[{"embeddable":true,"href":"https:\/\/jms.com.bo\/mediamonitor\/wp-json\/wp\/v2\/media\/66811"}],"wp:attachment":[{"href":"https:\/\/jms.com.bo\/mediamonitor\/wp-json\/wp\/v2\/media?parent=66810"}],"wp:term":[{"taxonomy":"category","embeddable":true,"href":"https:\/\/jms.com.bo\/mediamonitor\/wp-json\/wp\/v2\/categories?post=66810"},{"taxonomy":"post_tag","embeddable":true,"href":"https:\/\/jms.com.bo\/mediamonitor\/wp-json\/wp\/v2\/tags?post=66810"}],"curies":[{"name":"wp","href":"https:\/\/api.w.org\/{rel}","templated":true}]}}