{"id":66812,"date":"2024-06-17T07:17:37","date_gmt":"2024-06-17T11:17:37","guid":{"rendered":"https:\/\/jms.com.bo\/mediamonitor\/2024\/06\/17\/reyes-villa-califica-como-angurriento-de-poder-a-evo-morales\/"},"modified":"2024-06-17T07:17:37","modified_gmt":"2024-06-17T11:17:37","slug":"reyes-villa-califica-como-angurriento-de-poder-a-evo-morales","status":"publish","type":"post","link":"https:\/\/jms.com.bo\/mediamonitor\/2024\/06\/17\/reyes-villa-califica-como-angurriento-de-poder-a-evo-morales\/","title":{"rendered":"Reyes Villa califica como \u00abangurriento de poder\u00bb a Evo Morales"},"content":{"rendered":"<p style=\"text-align: justify;\">Tras las declaraciones del exmandatario Evo Morales de que el alcalde de Cochabamba, Manfred Reyes Villa, tendr\u00eda \u201cacuerdos\u201d con el Gobierno, este dijo que Morales es un \u201cangurriento de poder\u201d.<\/p>\n<p style=\"text-align: justify;\">\u201cLos delirios y las mentiras de un desesperado y angurriento de poder como Evo Morales s\u00f3lo busca montar una cortina de humo\u201d dijo Reyes Villa en su cuenta de X (antes, Twitter).<\/p>\n<p style=\"text-align: justify;\">La ma\u00f1ana de este domingo, el exmandatario indic\u00f3 que Reyes Villa tiene acuerdos con el Gobierno y que por eso la Justicia elimino las 12 acusaciones que exist\u00edan en su contra por presuntos hechos de corrupci\u00f3n.<\/p>\n<p style=\"text-align: justify;\">Al respecto, el burgomaestre indic\u00f3 que \u201clos delitos sembrados en mi contra y resueltos por una corte internacional no me hacen aliado de nadie y es muestra evidente que por 14 a\u00f1os la justicia sirvi\u00f3 como un instrumento para perseguir a quienes pensamos diferente\u201d.<\/p>\n<p style=\"text-align: justify;\">En reiteradas oportunidades Reyes Villa neg\u00f3 cualquier tipo de alineamientos con el Gobierno, es m\u00e1s afirm\u00f3 que en lo que va de su gesti\u00f3n nunca tuvo una reuni\u00f3n a solas con el presidente, Luis Arce.<\/p>\n<p style=\"text-align: justify;\">En junio de 2023, el Tribunal Constitucional, a trav\u00e9s de la sentencia constitucional 0405\/2023-54, anul\u00f3 12 procesos ordinarios instaurados en contra de Reyes Villa por delitos que presuntamente habr\u00eda cometido cuando era prefecto de Cochabamba.<\/p>\n","protected":false},"excerpt":{"rendered":"<p>Tras las declaraciones del exmandatario Evo Morales de que el alcalde de Cochabamba, Manfred Reyes Villa, tendr\u00eda \u201cacuerdos\u201d con el Gobierno, este dijo que Morales es un \u201cangurriento de poder\u201d. \u201cLos delirios y las mentiras de un desesperado y angurriento de poder como Evo Morales s\u00f3lo busca montar una cortina de humo\u201d dijo Reyes Villa [&hellip;]<\/p>\n","protected":false},"author":4,"featured_media":66813,"comment_status":"open","ping_status":"closed","sticky":false,"template":"","format":"standard","meta":{"footnotes":""},"categories":[18],"tags":[],"class_list":{"0":"post-66812","1":"post","2":"type-post","3":"status-publish","4":"format-standard","5":"has-post-thumbnail","7":"category-politica"},"_links":{"self":[{"href":"https:\/\/jms.com.bo\/mediamonitor\/wp-json\/wp\/v2\/posts\/66812","targetHints":{"allow":["GET"]}}],"collection":[{"href":"https:\/\/jms.com.bo\/mediamonitor\/wp-json\/wp\/v2\/posts"}],"about":[{"href":"https:\/\/jms.com.bo\/mediamonitor\/wp-json\/wp\/v2\/types\/post"}],"author":[{"embeddable":true,"href":"https:\/\/jms.com.bo\/mediamonitor\/wp-json\/wp\/v2\/users\/4"}],"replies":[{"embeddable":true,"href":"https:\/\/jms.com.bo\/mediamonitor\/wp-json\/wp\/v2\/comments?post=66812"}],"version-history":[{"count":0,"href":"https:\/\/jms.com.bo\/mediamonitor\/wp-json\/wp\/v2\/posts\/66812\/revisions"}],"wp:featuredmedia":[{"embeddable":true,"href":"https:\/\/jms.com.bo\/mediamonitor\/wp-json\/wp\/v2\/media\/66813"}],"wp:attachment":[{"href":"https:\/\/jms.com.bo\/mediamonitor\/wp-json\/wp\/v2\/media?parent=66812"}],"wp:term":[{"taxonomy":"category","embeddable":true,"href":"https:\/\/jms.com.bo\/mediamonitor\/wp-json\/wp\/v2\/categories?post=66812"},{"taxonomy":"post_tag","embeddable":true,"href":"https:\/\/jms.com.bo\/mediamonitor\/wp-json\/wp\/v2\/tags?post=66812"}],"curies":[{"name":"wp","href":"https:\/\/api.w.org\/{rel}","templated":true}]}}