{"id":66814,"date":"2024-06-17T07:18:41","date_gmt":"2024-06-17T11:18:41","guid":{"rendered":"https:\/\/jms.com.bo\/mediamonitor\/2024\/06\/17\/la-canciller-sosa-confirma-la-llegada-del-presidente-lula-da-silva-a-bolivia-el-9-de-julio\/"},"modified":"2024-06-17T07:18:41","modified_gmt":"2024-06-17T11:18:41","slug":"la-canciller-sosa-confirma-la-llegada-del-presidente-lula-da-silva-a-bolivia-el-9-de-julio","status":"publish","type":"post","link":"https:\/\/jms.com.bo\/mediamonitor\/2024\/06\/17\/la-canciller-sosa-confirma-la-llegada-del-presidente-lula-da-silva-a-bolivia-el-9-de-julio\/","title":{"rendered":"La canciller Sosa confirma la llegada del presidente Lula da Silva a Bolivia el 9 de julio"},"content":{"rendered":"<p style=\"text-align: justify;\">En el marco de la agenda firmada entre Bolivia y Brasil a fines de enero, la ministra de Relaciones Exteriores, Celinda Sosa, confirm\u00f3 este domingo la vista oficial del presidente de Brasil, Luiz In\u00e1cio Lula da Silva, al pa\u00eds para el 9 de julio en la ciudad de Santa Cruz.<\/p>\n<p style=\"text-align: justify;\">\u201cPrimero estar\u00e1 en la reuni\u00f3n de jefes de Estado del Mercosur que se va a celebrar en Paraguay el 8 de julio. Luego tendremos la visita en Bolivia. Los temas a abordar son en el marco de la agenda firmados a fines de enero. Son cuatro memorandos en temas de desarrollo, infraestructura productiva, caminero y marco comercial\u201d, se\u00f1al\u00f3 Sosa.<\/p>\n<p style=\"text-align: justify;\">El 30 de enero, como parte de una visita oficial a la Rep\u00fablica Federativa del Brasil, Sosa junto a los ministros de Desarrollo Rural y Tierras, Remmy Gonzales; de Hidrocarburos y Energ\u00eda, Franklin Molina y la presidenta de Yacimientos de Litio Boliviano (YLB), Karla Calder\u00f3n se reunieron con autoridades de ese pa\u00eds para fortalecer y profundizar las relaciones bilaterales.<\/p>\n<p style=\"text-align: justify;\">Entonces, la Canciller a su llega al pa\u00eds destac\u00f3 el acuerdo entre Bolivia y Brasil para el reconocimiento rec\u00edproco de licencias de conducir, el Memor\u00e1ndum de Entendimiento para desarrollar e innovar cadenas productivas agropecuarias y de agroindustria, y el Memor\u00e1ndum de Entendimiento para estimular el desarrollo de la industria y el comercio de insumos para la agricultura, ganader\u00eda y otros como fertilizantes e insumos para la nutrici\u00f3n vegetal.<\/p>\n<p style=\"text-align: justify;\">La autoridad destac\u00f3 el potencial del vecino pa\u00eds para el \u00e1rea comercial, inversi\u00f3n en materia de industria, principalmente enfocado en la urea. \u201cEst\u00e1n muy interesados en invertir, tambi\u00e9n en la hidroel\u00e9ctrica y el tema de la integraci\u00f3n de la ruta bioce\u00e1nica, que es algo que nos va a fortalecer\u201d, dijo en el programa Los Hechos Cuentan de Bolivia TV.<\/p>\n<p style=\"text-align: justify;\">A\u00f1adi\u00f3 \u201cque el tema de biodiesel es otro que importante y que en esa \u00e1rea Brasil avanz\u00f3 much\u00edsimo, por lo que consideramos de mucho apoyo y complementariedad los desaf\u00edos que est\u00e1 llevando a cabo el presidente Luis Arce\u201d.<\/p>\n<p style=\"text-align: justify;\">Las buenas relaciones entre ambos pa\u00edses lograron importantes avances luego de que Lula asumiera la presidencia de Brasil el 1 de enero de 2023. Gracias a las gestiones del presidente brasile\u00f1o, el congreso de ese pa\u00eds dio su visto bueno a la adhesi\u00f3n de Bolivia al Mercosur.<\/p>\n","protected":false},"excerpt":{"rendered":"<p>En el marco de la agenda firmada entre Bolivia y Brasil a fines de enero, la ministra de Relaciones Exteriores, Celinda Sosa, confirm\u00f3 este domingo la vista oficial del presidente de Brasil, Luiz In\u00e1cio Lula da Silva, al pa\u00eds para el 9 de julio en la ciudad de Santa Cruz. \u201cPrimero estar\u00e1 en la reuni\u00f3n [&hellip;]<\/p>\n","protected":false},"author":4,"featured_media":66815,"comment_status":"open","ping_status":"closed","sticky":false,"template":"","format":"standard","meta":{"footnotes":""},"categories":[18],"tags":[],"class_list":{"0":"post-66814","1":"post","2":"type-post","3":"status-publish","4":"format-standard","5":"has-post-thumbnail","7":"category-politica"},"_links":{"self":[{"href":"https:\/\/jms.com.bo\/mediamonitor\/wp-json\/wp\/v2\/posts\/66814","targetHints":{"allow":["GET"]}}],"collection":[{"href":"https:\/\/jms.com.bo\/mediamonitor\/wp-json\/wp\/v2\/posts"}],"about":[{"href":"https:\/\/jms.com.bo\/mediamonitor\/wp-json\/wp\/v2\/types\/post"}],"author":[{"embeddable":true,"href":"https:\/\/jms.com.bo\/mediamonitor\/wp-json\/wp\/v2\/users\/4"}],"replies":[{"embeddable":true,"href":"https:\/\/jms.com.bo\/mediamonitor\/wp-json\/wp\/v2\/comments?post=66814"}],"version-history":[{"count":0,"href":"https:\/\/jms.com.bo\/mediamonitor\/wp-json\/wp\/v2\/posts\/66814\/revisions"}],"wp:featuredmedia":[{"embeddable":true,"href":"https:\/\/jms.com.bo\/mediamonitor\/wp-json\/wp\/v2\/media\/66815"}],"wp:attachment":[{"href":"https:\/\/jms.com.bo\/mediamonitor\/wp-json\/wp\/v2\/media?parent=66814"}],"wp:term":[{"taxonomy":"category","embeddable":true,"href":"https:\/\/jms.com.bo\/mediamonitor\/wp-json\/wp\/v2\/categories?post=66814"},{"taxonomy":"post_tag","embeddable":true,"href":"https:\/\/jms.com.bo\/mediamonitor\/wp-json\/wp\/v2\/tags?post=66814"}],"curies":[{"name":"wp","href":"https:\/\/api.w.org\/{rel}","templated":true}]}}