{"id":66816,"date":"2024-06-17T07:19:56","date_gmt":"2024-06-17T11:19:56","guid":{"rendered":"https:\/\/jms.com.bo\/mediamonitor\/2024\/06\/17\/evo-denuncia-que-el-gobierno-ejecuta-un-plan-para-militarizar-el-pais-y-novillo-lo-desmiente\/"},"modified":"2024-06-17T07:19:56","modified_gmt":"2024-06-17T11:19:56","slug":"evo-denuncia-que-el-gobierno-ejecuta-un-plan-para-militarizar-el-pais-y-novillo-lo-desmiente","status":"publish","type":"post","link":"https:\/\/jms.com.bo\/mediamonitor\/2024\/06\/17\/evo-denuncia-que-el-gobierno-ejecuta-un-plan-para-militarizar-el-pais-y-novillo-lo-desmiente\/","title":{"rendered":"Evo denuncia que el Gobierno ejecuta un plan para militarizar el pa\u00eds y Novillo lo desmiente"},"content":{"rendered":"<p style=\"text-align: justify;\">Ante las denuncias del expresidente Evo Morales de que el Gobierno puso en ejecuci\u00f3n el \u201cPlan Boquer\u00f3n\u201d con la intenci\u00f3n de militarizar el pa\u00eds, el ministro de Defensa, Edmundo Novillo, desminti\u00f3 las aseveraciones del jefe del Movimiento Al Socialismo (MAS) y se\u00f1al\u00f3 que ya se conoce el libreto de la \u201coposici\u00f3n interna\u201d que tiende a tergiversar y generar preocupaci\u00f3n en la poblaci\u00f3n.<\/p>\n<p style=\"text-align: justify;\">Desde sus redes sociales, Morales se\u00f1al\u00f3 que \u201cel gobierno con las FF.AA. pusieron en ejecuci\u00f3n el denominado \u2018Plan Boquer\u00f3n\u2019, ante los anuncios de movilizaciones de varios sectores desde este lunes\u201d, cuya intenci\u00f3n es militarizar el pa\u00eds.<\/p>\n<p style=\"text-align: justify;\">El expresidente agreg\u00f3 que \u201cya comenz\u00f3 en alguna medida, con la presencia de soldados en las estaciones de gasolina, a pesar de que las FFAA no tienen esa misi\u00f3n. Menos mal algunos comandantes pidieron nota escrita y se opusieron a esa medida, no quieren ser responsables de ninguna represi\u00f3n\u201d.<\/p>\n<p style=\"text-align: justify;\">El titular de Defensa aclar\u00f3 que ese trabajo de apoyo a la Agencia Nacional de Hidrocarburos (ANH) es para el control de la venta de combustible en los surtidos y sobre todo para evitar el contrabando.<\/p>\n<p style=\"text-align: justify;\">\u201cSe tiene el objetivo de detectar alg\u00fan desv\u00edo de este combustible. En ese entendido, este trabajo es de apoyo y de servicio a la poblaci\u00f3n, de ninguna manera es para amedrentar o estar intimidando o intervenir movilizaciones, (es) absolutamente falso\u201d, dijo Novillo.<\/p>\n<p style=\"text-align: justify;\">A\u00f1adi\u00f3 \u201cqueremos desmentir, aclarar que ese denominado Plan Boquer\u00f3n, para reprimir a los compa\u00f1eros, no existe, no se va a dar y las fuerzas armadas no est\u00e1n para reprimir al pueblo\u201d.<\/p>\n<p style=\"text-align: justify;\">Se\u00f1al\u00f3 que esto de los supuestos planes son \u201cuna estrategia\u201d ya conocida para atacar al Gobierno con el fin de victimizarse. Indic\u00f3 que este tipo de medidas no son nuevas ya que esto tambi\u00e9n fue usado contra su persona, luego de acusarle que iba a militarizar el Tr\u00f3pico de Cochabamba.<\/p>\n<p style=\"text-align: justify;\">\u201cEn un inicio se acus\u00f3 del plan negro que era una forma de atacar al gobierno victimiz\u00e1ndose, indicando de que el Gobierno ten\u00eda un plan con los militares para defenestrar supuestamente a nuestro expresidente Morales. Nadie le ha cre\u00eddo y este plan es inexistente. Ahora sale con este denominado Plan Boquer\u00f3n en un momento en el que \u00e9l mismo est\u00e1 asustando y promoviendo movilizaciones y confrontaci\u00f3n\u201d, mencion\u00f3.<\/p>\n<p style=\"text-align: justify;\">La autoridad aclar\u00f3 que las Fuerzas Armadas no est\u00e1n para reprimir al pueblo y cuando este se movilice ser\u00e1 junto al pueblo como se hizo para cambiar el modelo econ\u00f3mico y el modelo neoliberal, pero nunca se movilizar\u00e1 \u201cpara apoyar una candidatura a presidente\u201d o para ir contra alguna disposici\u00f3n constitucional.<\/p>\n","protected":false},"excerpt":{"rendered":"<p>Ante las denuncias del expresidente Evo Morales de que el Gobierno puso en ejecuci\u00f3n el \u201cPlan Boquer\u00f3n\u201d con la intenci\u00f3n de militarizar el pa\u00eds, el ministro de Defensa, Edmundo Novillo, desminti\u00f3 las aseveraciones del jefe del Movimiento Al Socialismo (MAS) y se\u00f1al\u00f3 que ya se conoce el libreto de la \u201coposici\u00f3n interna\u201d que tiende a [&hellip;]<\/p>\n","protected":false},"author":4,"featured_media":66817,"comment_status":"open","ping_status":"closed","sticky":false,"template":"","format":"standard","meta":{"footnotes":""},"categories":[18,48,46],"tags":[],"class_list":{"0":"post-66816","1":"post","2":"type-post","3":"status-publish","4":"format-standard","5":"has-post-thumbnail","7":"category-politica","8":"category-portada-general-sitio","9":"category-portada-politica"},"_links":{"self":[{"href":"https:\/\/jms.com.bo\/mediamonitor\/wp-json\/wp\/v2\/posts\/66816","targetHints":{"allow":["GET"]}}],"collection":[{"href":"https:\/\/jms.com.bo\/mediamonitor\/wp-json\/wp\/v2\/posts"}],"about":[{"href":"https:\/\/jms.com.bo\/mediamonitor\/wp-json\/wp\/v2\/types\/post"}],"author":[{"embeddable":true,"href":"https:\/\/jms.com.bo\/mediamonitor\/wp-json\/wp\/v2\/users\/4"}],"replies":[{"embeddable":true,"href":"https:\/\/jms.com.bo\/mediamonitor\/wp-json\/wp\/v2\/comments?post=66816"}],"version-history":[{"count":0,"href":"https:\/\/jms.com.bo\/mediamonitor\/wp-json\/wp\/v2\/posts\/66816\/revisions"}],"wp:featuredmedia":[{"embeddable":true,"href":"https:\/\/jms.com.bo\/mediamonitor\/wp-json\/wp\/v2\/media\/66817"}],"wp:attachment":[{"href":"https:\/\/jms.com.bo\/mediamonitor\/wp-json\/wp\/v2\/media?parent=66816"}],"wp:term":[{"taxonomy":"category","embeddable":true,"href":"https:\/\/jms.com.bo\/mediamonitor\/wp-json\/wp\/v2\/categories?post=66816"},{"taxonomy":"post_tag","embeddable":true,"href":"https:\/\/jms.com.bo\/mediamonitor\/wp-json\/wp\/v2\/tags?post=66816"}],"curies":[{"name":"wp","href":"https:\/\/api.w.org\/{rel}","templated":true}]}}