{"id":66820,"date":"2024-06-17T07:22:40","date_gmt":"2024-06-17T11:22:40","guid":{"rendered":"https:\/\/jms.com.bo\/mediamonitor\/2024\/06\/17\/aseguran-que-mil-empresas-bolivianas-se-mudan-a-paraguay-debido-al-mal-entorno-economico\/"},"modified":"2024-06-17T07:22:40","modified_gmt":"2024-06-17T11:22:40","slug":"aseguran-que-mil-empresas-bolivianas-se-mudan-a-paraguay-debido-al-mal-entorno-economico","status":"publish","type":"post","link":"https:\/\/jms.com.bo\/mediamonitor\/2024\/06\/17\/aseguran-que-mil-empresas-bolivianas-se-mudan-a-paraguay-debido-al-mal-entorno-economico\/","title":{"rendered":"Aseguran que mil empresas bolivianas se mudan a Paraguay debido al mal entorno econ\u00f3mico"},"content":{"rendered":"<p style=\"text-align: justify;\">El dirigente pol\u00edtico y empresario Samuel Doria Medina revel\u00f3 que el presidente de Paraguay, que visit\u00f3 Bolivia recientemente, inform\u00f3 que unas mil empresas bolivianos han decidido trasladar sus negocios al pa\u00eds vecino en lugar de expandir sus proyectos en Bolivia.<\/p>\n<p style=\"text-align: justify;\">\u201cNos enteramos de que mil empresarios bolivianos est\u00e1n en el vecino pa\u00eds, que lo han preferido en lugar de ampliar sus proyectos aqu\u00ed\u201d, dijo Doria Medina al referirse a la llegada al pa\u00eds hace unos d\u00edas de Santiago Pe\u00f1a Palacios, el mandatario paraguayo, con quien se reuni\u00f3 en La Paz.<\/p>\n<p style=\"text-align: justify;\">Doria Medina hizo esas declaraciones en su discurso durante el Congreso Internacional de Derecho en Sucre, evento que reuni\u00f3 a especialistas que debatieron la importancia de la independencia judicial.<\/p>\n<p style=\"text-align: justify;\">Seg\u00fan varios estudios internacionales, bajo el Gobierno del MAS, Bolivia tiene uno de los entornos m\u00e1s negativos para la actividad empresarial, como altos impuestos, elevada carga social, avasallamientos de tierras, chantajes de parte del Estado a los empresarios, informalidad creciente, elevada burocracia y, en tiempos recientes, una cr\u00f3nica ausencia de divisas.<\/p>\n<p style=\"text-align: justify;\">Seg\u00fan el m\u00e1s reciente informe de Heritage Foundation respeto a la libertad econ\u00f3mica en el mundo, Bolivia ocupa el puesto 165 de 169 pa\u00edses. Existe una relaci\u00f3n, dice esa entidad, entre libertad econ\u00f3mica y desarrollo. Los pa\u00edses que lideran el ranking son Singapur, Suiza, Irlanda y Taiw\u00e1n; en los \u00faltimos lugares se encuentran Sud\u00e1n, Venezuela, Bolivia, Cuba y Corea del Norte.<\/p>\n<p style=\"text-align: justify;\">En el caso de Latinoam\u00e9rica los pa\u00edses con mayor libertad econ\u00f3mica son Chile, Uruguay y Costa Rica, que a la vez son los que tienen mayor \u00edndice de desarrollo humano en la regi\u00f3n; e los \u00faltimos lugares est\u00e1n Bolivia, Venezuela y Cuba, caracterizados por elevados \u00edndices de pobreza.<\/p>\n<p style=\"text-align: justify;\">Bolivia ocupa el puesto 165 de 169 pa\u00edses clasificados a nivel mundial y el puesto 30 de 32 a nivel regional.<\/p>\n<p style=\"text-align: justify;\">En su discurso en Sucre, Doria Medina afirm\u00f3 que la justicia boliviana es corresponsable de la crisis social y econ\u00f3mica que atraviesa el pa\u00eds y denunci\u00f3 el estado de \u201cdespotismo judicial\u201d que impera en Bolivia.<\/p>\n<p style=\"text-align: justify;\">\u201cLa justicia es corresponsable de la crisis porque no garantiza imparcialidad y tiende a extorsionar a los litigantes. Ante esto, los inversionistas prefieren desviar su capital al consumo o trasladarlo a otro lugar\u201d, expres\u00f3 Doria Medina. Quienes arriesgan su dinero, dijo, \u201cno pueden aceptar una justicia tan impredecible como la boliviana, donde no manda la ley sino los m\u00e1s sinverg\u00fcenzas y aquellos con contactos pol\u00edticos\u201d.<\/p>\n<p style=\"text-align: justify;\">Durante su discurso, Doria Medina cit\u00f3 dos casos en su contra promovidos por el Estado, en los que se recurri\u00f3 a fallos constitucionales para alterar resultados de arbitrajes privados. \u201cEl Tribunal Constitucional se ha convertido en una instancia de juzgamiento, y no solo en la \u00faltima etapa del juicio, sino que interviene en los procedimientos mientras estos se desarrollan\u201d, manifest\u00f3.<\/p>\n<p style=\"text-align: justify;\">El empresario se\u00f1al\u00f3 que, si hubiera un genuino deseo de justicia, el Tribunal Constitucional deber\u00eda abstenerse de opinar sobre los juicios en primera instancia, salvo en casos plenamente justificados. \u201cEn cambio, este Tribunal se involucra en todo y en nada; y eso ha deformado completamente los procedimientos\u201d, agreg\u00f3.<\/p>\n<p style=\"text-align: justify;\">Tambi\u00e9n mencion\u00f3 que el \u201cdespotismo judicial\u201d se evidencia en la inexistencia de prescripci\u00f3n para ninguna acusaci\u00f3n y en casos como el suyo, donde una sentencia favorable fue desconocida por pretextos formalistas relacionados con la forma de notificaci\u00f3n. \u201cSi a una empresa importante le hacen eso, imaginemos qu\u00e9 sufrir\u00e1 el ciudadano com\u00fan que no puede contratar abogados\u201d, concluy\u00f3.<\/p>\n","protected":false},"excerpt":{"rendered":"<p>El dirigente pol\u00edtico y empresario Samuel Doria Medina revel\u00f3 que el presidente de Paraguay, que visit\u00f3 Bolivia recientemente, inform\u00f3 que unas mil empresas bolivianos han decidido trasladar sus negocios al pa\u00eds vecino en lugar de expandir sus proyectos en Bolivia. \u201cNos enteramos de que mil empresarios bolivianos est\u00e1n en el vecino pa\u00eds, que lo han [&hellip;]<\/p>\n","protected":false},"author":4,"featured_media":66821,"comment_status":"open","ping_status":"closed","sticky":false,"template":"","format":"standard","meta":{"footnotes":""},"categories":[25],"tags":[],"class_list":{"0":"post-66820","1":"post","2":"type-post","3":"status-publish","4":"format-standard","5":"has-post-thumbnail","7":"category-economia"},"_links":{"self":[{"href":"https:\/\/jms.com.bo\/mediamonitor\/wp-json\/wp\/v2\/posts\/66820","targetHints":{"allow":["GET"]}}],"collection":[{"href":"https:\/\/jms.com.bo\/mediamonitor\/wp-json\/wp\/v2\/posts"}],"about":[{"href":"https:\/\/jms.com.bo\/mediamonitor\/wp-json\/wp\/v2\/types\/post"}],"author":[{"embeddable":true,"href":"https:\/\/jms.com.bo\/mediamonitor\/wp-json\/wp\/v2\/users\/4"}],"replies":[{"embeddable":true,"href":"https:\/\/jms.com.bo\/mediamonitor\/wp-json\/wp\/v2\/comments?post=66820"}],"version-history":[{"count":0,"href":"https:\/\/jms.com.bo\/mediamonitor\/wp-json\/wp\/v2\/posts\/66820\/revisions"}],"wp:featuredmedia":[{"embeddable":true,"href":"https:\/\/jms.com.bo\/mediamonitor\/wp-json\/wp\/v2\/media\/66821"}],"wp:attachment":[{"href":"https:\/\/jms.com.bo\/mediamonitor\/wp-json\/wp\/v2\/media?parent=66820"}],"wp:term":[{"taxonomy":"category","embeddable":true,"href":"https:\/\/jms.com.bo\/mediamonitor\/wp-json\/wp\/v2\/categories?post=66820"},{"taxonomy":"post_tag","embeddable":true,"href":"https:\/\/jms.com.bo\/mediamonitor\/wp-json\/wp\/v2\/tags?post=66820"}],"curies":[{"name":"wp","href":"https:\/\/api.w.org\/{rel}","templated":true}]}}