{"id":66870,"date":"2024-06-18T07:28:33","date_gmt":"2024-06-18T11:28:33","guid":{"rendered":"https:\/\/jms.com.bo\/mediamonitor\/2024\/06\/18\/los-mercados-lideres-en-energia-eolica-marina-de-america-latina\/"},"modified":"2024-06-18T07:28:33","modified_gmt":"2024-06-18T11:28:33","slug":"los-mercados-lideres-en-energia-eolica-marina-de-america-latina","status":"publish","type":"post","link":"https:\/\/jms.com.bo\/mediamonitor\/2024\/06\/18\/los-mercados-lideres-en-energia-eolica-marina-de-america-latina\/","title":{"rendered":"Los mercados l\u00edderes en energ\u00eda e\u00f3lica marina de Am\u00e9rica Latina"},"content":{"rendered":"<p style=\"text-align: justify;\">Brasil y Colombia lideran los esfuerzos para el desarrollo e\u00f3lico marino en Am\u00e9rica Latina y el Caribe, seg\u00fan un informe publicado por el Consejo Mundial de Energ\u00eda E\u00f3lica (GWEC).<\/p>\n<p style=\"text-align: justify;\">Sin embargo, es probable que las primeras iniciativas entren en servicio reci\u00e9n a principios de la pr\u00f3xima d\u00e9cada, dijo GWEC en su informe sobre energ\u00eda e\u00f3lica marina 2024, publicado el lunes.<\/p>\n<p style=\"text-align: justify;\">\u00abCon una cartera de proyectos de m\u00e1s de 180GW en Brasil y algunos avances logrados en Colombia, el primer proyecto e\u00f3lico marino a gran escala comenzar\u00eda a operar en Am\u00e9rica Latina a principios de la d\u00e9cada de 2030\u00bb, se\u00f1ala el informe.<\/p>\n<p style=\"text-align: justify;\">BRASIL<\/p>\n<p style=\"text-align: justify;\">La entidad describi\u00f3 a Brasil como un potencial peso pesado en energ\u00eda e\u00f3lica marina con posibles 700GW y polos en las regiones noreste, sureste y sur.<\/p>\n<p style=\"text-align: justify;\">\u00abEl pa\u00eds cuenta con varios puertos que son favorables para la implementaci\u00f3n de energ\u00eda e\u00f3lica marina despu\u00e9s de algunas adaptaciones\u00bb, indic\u00f3 la entidad en el informe.<\/p>\n<p style=\"text-align: justify;\">\u00abAdem\u00e1s, existe una cadena de suministro para la energ\u00eda e\u00f3lica terrestre y una industria costa afuera que puede ajustarse para atender [a la industria]. Para facilitar el flujo de energ\u00eda, es necesario reforzar las l\u00edneas de transmisi\u00f3n para los empresarios que quieran conectarse a la red y es deseable aumentar las opciones de financiaci\u00f3n para la tecnolog\u00eda\u00bb, a\u00f1adi\u00f3.<\/p>\n<p style=\"text-align: justify;\">GWEC indic\u00f3 que los promotores han presentado planes para desarrollar proyectos de energ\u00eda e\u00f3lica marina por un total de 234GW de capacidad a la autoridad nacional de licenciamiento Ibama.<\/p>\n<p style=\"text-align: justify;\">Sin embargo, los permisos solo pueden concederse despu\u00e9s de aprobadas las regulaciones sobre derechos de uso marino, afirm\u00f3 la entidad. Seg\u00fan GWEC, el Senado dar\u00eda el visto bueno a las regulaciones este a\u00f1o, con lo que se allanar\u00e1 el camino para la primera subasta de \u00e1reas marinas del pa\u00eds.<\/p>\n<p style=\"text-align: justify;\">COLOMBIA<\/p>\n<p style=\"text-align: justify;\">El pa\u00eds fue la \u00fanica otra naci\u00f3n latinoamericana que recibi\u00f3 su propio subcap\u00edtulo en el informe de 153 p\u00e1ginas.<\/p>\n<p style=\"text-align: justify;\">GWEC dijo que la naci\u00f3n andina considera a la energ\u00eda e\u00f3lica marina como una alternativa para aumentar la resiliencia mientras busca reducir su dependencia de la energ\u00eda hidroel\u00e9ctrica y mitigar el impacto de las sequ\u00edas inducidas por El Ni\u00f1o.<\/p>\n<p style=\"text-align: justify;\">La entidad con sede en Lisboa calcula dijo que Colombia podr\u00eda desplegar 50GW de capacidad e\u00f3lica marina bajo \u00abvarios escenarios\u00bb despu\u00e9s de establecer un marco de pol\u00edticas que incluya la participaci\u00f3n de agencias marinas, de energ\u00eda y de petr\u00f3leo y gas.<\/p>\n<p style=\"text-align: justify;\">No obstante, advirti\u00f3 que el pa\u00eds necesitaba invertir en infraestructura portuaria especializada para nuevos proyectos y garantizar que tengan acceso a la red el\u00e9ctrica.<\/p>\n<p style=\"text-align: justify;\">HIDR\u00d3GENO VERDE<\/p>\n<p style=\"text-align: justify;\">En el informe tambi\u00e9n se evalu\u00f3 el papel de la energ\u00eda e\u00f3lica marina en la producci\u00f3n mundial de hidr\u00f3geno verde.<\/p>\n<p style=\"text-align: justify;\">La entidad nombr\u00f3 a Brasil, Uruguay y Paraguay como potenciales l\u00edderes del sector y destac\u00f3 los avances logrados por Colombia, Ecuador, Costa Rica y El Salvador.<\/p>\n<p style=\"text-align: justify;\">Sin embargo, la publicaci\u00f3n inst\u00f3 a la regi\u00f3n a actuar ahora o corre el riesgo de desaprovechar sus ventajas competitivas. \u00abEs necesario tomar medidas m\u00e1s r\u00e1pidas para ampliar las tecnolog\u00edas de producci\u00f3n y uso de hidr\u00f3geno verde (los electrolizadores son un excelente ejemplo) a fin de reducir su costo\u00bb, indic\u00f3 GWEC.<\/p>\n<p style=\"text-align: justify;\">\u00abLos proyectos de hidr\u00f3geno verde deben volverse comercialmente atractivos a trav\u00e9s de oportunidades de financiaci\u00f3n y medidas de mitigaci\u00f3n de riesgos. La regulaci\u00f3n y el apoyo de los gobiernos son esenciales para establecer marcos pol\u00edticos propicios y encontrar soluciones que posibiliten cerrar las brechas de financiaci\u00f3n para iniciativas en sus etapas incipientes\u00bb, a\u00f1adi\u00f3.<\/p>\n<p style=\"text-align: justify;\">\n","protected":false},"excerpt":{"rendered":"<p>Brasil y Colombia lideran los esfuerzos para el desarrollo e\u00f3lico marino en Am\u00e9rica Latina y el Caribe, seg\u00fan un informe publicado por el Consejo Mundial de Energ\u00eda E\u00f3lica (GWEC). Sin embargo, es probable que las primeras iniciativas entren en servicio reci\u00e9n a principios de la pr\u00f3xima d\u00e9cada, dijo GWEC en su informe sobre energ\u00eda e\u00f3lica [&hellip;]<\/p>\n","protected":false},"author":4,"featured_media":66871,"comment_status":"open","ping_status":"closed","sticky":false,"template":"","format":"standard","meta":{"footnotes":""},"categories":[39],"tags":[],"class_list":{"0":"post-66870","1":"post","2":"type-post","3":"status-publish","4":"format-standard","5":"has-post-thumbnail","7":"category-energia"},"_links":{"self":[{"href":"https:\/\/jms.com.bo\/mediamonitor\/wp-json\/wp\/v2\/posts\/66870","targetHints":{"allow":["GET"]}}],"collection":[{"href":"https:\/\/jms.com.bo\/mediamonitor\/wp-json\/wp\/v2\/posts"}],"about":[{"href":"https:\/\/jms.com.bo\/mediamonitor\/wp-json\/wp\/v2\/types\/post"}],"author":[{"embeddable":true,"href":"https:\/\/jms.com.bo\/mediamonitor\/wp-json\/wp\/v2\/users\/4"}],"replies":[{"embeddable":true,"href":"https:\/\/jms.com.bo\/mediamonitor\/wp-json\/wp\/v2\/comments?post=66870"}],"version-history":[{"count":0,"href":"https:\/\/jms.com.bo\/mediamonitor\/wp-json\/wp\/v2\/posts\/66870\/revisions"}],"wp:featuredmedia":[{"embeddable":true,"href":"https:\/\/jms.com.bo\/mediamonitor\/wp-json\/wp\/v2\/media\/66871"}],"wp:attachment":[{"href":"https:\/\/jms.com.bo\/mediamonitor\/wp-json\/wp\/v2\/media?parent=66870"}],"wp:term":[{"taxonomy":"category","embeddable":true,"href":"https:\/\/jms.com.bo\/mediamonitor\/wp-json\/wp\/v2\/categories?post=66870"},{"taxonomy":"post_tag","embeddable":true,"href":"https:\/\/jms.com.bo\/mediamonitor\/wp-json\/wp\/v2\/tags?post=66870"}],"curies":[{"name":"wp","href":"https:\/\/api.w.org\/{rel}","templated":true}]}}