{"id":66881,"date":"2024-06-18T07:38:46","date_gmt":"2024-06-18T11:38:46","guid":{"rendered":"https:\/\/jms.com.bo\/mediamonitor\/2024\/06\/18\/adenda-con-argentina-beneficia-al-pais-el-problema-es-la-caida-de-la-produccion\/"},"modified":"2024-06-18T07:38:46","modified_gmt":"2024-06-18T11:38:46","slug":"adenda-con-argentina-beneficia-al-pais-el-problema-es-la-caida-de-la-produccion","status":"publish","type":"post","link":"https:\/\/jms.com.bo\/mediamonitor\/2024\/06\/18\/adenda-con-argentina-beneficia-al-pais-el-problema-es-la-caida-de-la-produccion\/","title":{"rendered":"Adenda con Argentina beneficia al pa\u00eds; el problema es la ca\u00edda de la producci\u00f3n"},"content":{"rendered":"<p style=\"text-align: justify;\">La nueva adenda suscrita entre las petroleras Energ\u00eda Argentina (Enarsa) y Yacimientos Petrol\u00edferos Fiscales Bolivianos (YPFB) para transportar gas boliviano a la Argentina hasta septiembre de este a\u00f1o le permite al pa\u00eds recibir por un tiempo m\u00e1s los d\u00f3lares de estas ventas que despu\u00e9s ser\u00e1n interrumpidas. Sin embargo, no marca una diferencia sustancial en la ca\u00edda de producci\u00f3n hidrocarbur\u00edfera nacional, que impactar\u00e1 en la maltrecha econom\u00eda, se\u00f1alaron analistas.<\/p>\n<p style=\"text-align: justify;\">La adenda, cuyos detalles como precio de comercializaci\u00f3n se desconocen, contempla que Bolivia seguir\u00e1 enviando 4 millones de metros c\u00fabicos diarios (m3d) gas natural a Argentina hasta septiembre, cuando pase el invierno. Para entonces, el Gobierno de Javier Milei prev\u00e9 tener listos los ductos que le permitan abastecer al norte de su territorio con la producci\u00f3n de Vaca Muerta.<\/p>\n<p style=\"text-align: justify;\">Despu\u00e9s de esto se prev\u00e9 que Bolivia dejar\u00e1 de enviar gas a Argentina, pero el mercado brasile\u00f1o seguir\u00e1 abierto y con bastante demanda. Por ello, el analista \u00c1lvaro R\u00edos se\u00f1al\u00f3 que el problema de Bolivia no es la falta de mercados, sino el declive de su producci\u00f3n a un paso acrecentado.<\/p>\n<p style=\"text-align: justify;\">\u201cBrasil puede comprar el gas boliviano a mejor precio. El problema es la producci\u00f3n, no el mercado, y actualmente con la ca\u00edda no podemos cumplir ni las expectativas de Argentina ni de Brasil\u201d, se\u00f1al\u00f3 R\u00edos a Los Tiempos.<\/p>\n<p style=\"text-align: justify;\">La producci\u00f3n de gas natural se encuentra en 32,8 millones de m3d. Hace un a\u00f1o estaba por los 35,8 millones. \u201cMientras m\u00e1s nos sumergimos en el pozo ser\u00e1 m\u00e1s dif\u00edcil salir\u201d, advirti\u00f3.<\/p>\n<p style=\"text-align: justify;\">El investigador de la Fundaci\u00f3n Jubileo en temas hidrocarbur\u00edferos, Ra\u00fal Vel\u00e1squez, coincidi\u00f3 al apuntar que el gas que se deje de vender a la Argentina desde octubre simplemente desaparecer\u00e1 hasta el pr\u00f3ximo a\u00f1o si es que no ha nuevos descubrimientos. \u201cEl gas que vamos a dejar de exportar a Argentina no se lo va a poder vender a Brasil porque es gas que Bolivia dejar\u00e1 de producir\u201d.<\/p>\n<p style=\"text-align: justify;\">Record\u00f3 que en marzo de este a\u00f1o Brasil y Argentina negociaron sobre un intercambio del gas boliviano: b\u00e1sicamente que Brasil reduzca su demanda para abastecer a Argentina por este invierno.<\/p>\n<p style=\"text-align: justify;\">Para Vel\u00e1squez, \u201ces triste que el pa\u00eds se contente con estos resultados a corto plazo. Se confirma el fracaso de la pol\u00edtica energ\u00e9tica, con menos divisas, menos regal\u00edas, menos IDH por el gas exportado a precio internacional, lo que tendr\u00e1 un impacto en la econom\u00eda\u201d.<\/p>\n<p style=\"text-align: justify;\">Los Tiempos intent\u00f3 conocer los detalles de la nueva adenda, as\u00ed como la posici\u00f3n del Gobierno y de YPFB sobre el declive de la producci\u00f3n, pero no se recibi\u00f3 respuesta.<\/p>\n<p style=\"text-align: justify;\">No obstante, en anteriores oportunidades el Gobierno de Luis Arce responsabiliz\u00f3 al de Evo Morales por no invertir en exploraci\u00f3n y permitir la ca\u00edda de la producci\u00f3n, a tiempo de resaltar que ahora se invierte en la b\u00fasqueda de nuevos yacimientos.<\/p>\n<p style=\"text-align: justify;\">El diputado de oposici\u00f3n Marcelo Pedrazas indic\u00f3 que pidi\u00f3 informaci\u00f3n sobre los detalles de la adenda y manifest\u00f3, al igual que los analistas, que Bolivia se convertir\u00e1 en importador de gas de Argentina para Brasil, en vez de exportador, con un da\u00f1o a la econom\u00eda.<\/p>\n","protected":false},"excerpt":{"rendered":"<p>La nueva adenda suscrita entre las petroleras Energ\u00eda Argentina (Enarsa) y Yacimientos Petrol\u00edferos Fiscales Bolivianos (YPFB) para transportar gas boliviano a la Argentina hasta septiembre de este a\u00f1o le permite al pa\u00eds recibir por un tiempo m\u00e1s los d\u00f3lares de estas ventas que despu\u00e9s ser\u00e1n interrumpidas. Sin embargo, no marca una diferencia sustancial en la [&hellip;]<\/p>\n","protected":false},"author":4,"featured_media":66882,"comment_status":"open","ping_status":"closed","sticky":false,"template":"","format":"standard","meta":{"footnotes":""},"categories":[40,23,48,43],"tags":[],"class_list":{"0":"post-66881","1":"post","2":"type-post","3":"status-publish","4":"format-standard","5":"has-post-thumbnail","7":"category-bolivia","8":"category-hidrocarburos","9":"category-portada-general-sitio","10":"category-portada-oil-gas"},"_links":{"self":[{"href":"https:\/\/jms.com.bo\/mediamonitor\/wp-json\/wp\/v2\/posts\/66881","targetHints":{"allow":["GET"]}}],"collection":[{"href":"https:\/\/jms.com.bo\/mediamonitor\/wp-json\/wp\/v2\/posts"}],"about":[{"href":"https:\/\/jms.com.bo\/mediamonitor\/wp-json\/wp\/v2\/types\/post"}],"author":[{"embeddable":true,"href":"https:\/\/jms.com.bo\/mediamonitor\/wp-json\/wp\/v2\/users\/4"}],"replies":[{"embeddable":true,"href":"https:\/\/jms.com.bo\/mediamonitor\/wp-json\/wp\/v2\/comments?post=66881"}],"version-history":[{"count":0,"href":"https:\/\/jms.com.bo\/mediamonitor\/wp-json\/wp\/v2\/posts\/66881\/revisions"}],"wp:featuredmedia":[{"embeddable":true,"href":"https:\/\/jms.com.bo\/mediamonitor\/wp-json\/wp\/v2\/media\/66882"}],"wp:attachment":[{"href":"https:\/\/jms.com.bo\/mediamonitor\/wp-json\/wp\/v2\/media?parent=66881"}],"wp:term":[{"taxonomy":"category","embeddable":true,"href":"https:\/\/jms.com.bo\/mediamonitor\/wp-json\/wp\/v2\/categories?post=66881"},{"taxonomy":"post_tag","embeddable":true,"href":"https:\/\/jms.com.bo\/mediamonitor\/wp-json\/wp\/v2\/tags?post=66881"}],"curies":[{"name":"wp","href":"https:\/\/api.w.org\/{rel}","templated":true}]}}