{"id":66888,"date":"2024-06-19T06:53:46","date_gmt":"2024-06-19T10:53:46","guid":{"rendered":"https:\/\/jms.com.bo\/mediamonitor\/2024\/06\/19\/segundo-dia-de-paro-del-sector-salud-reportan-que-algunos-hospitales-prestan-atencion-con-normalidad\/"},"modified":"2024-06-19T06:53:46","modified_gmt":"2024-06-19T10:53:46","slug":"segundo-dia-de-paro-del-sector-salud-reportan-que-algunos-hospitales-prestan-atencion-con-normalidad","status":"publish","type":"post","link":"https:\/\/jms.com.bo\/mediamonitor\/2024\/06\/19\/segundo-dia-de-paro-del-sector-salud-reportan-que-algunos-hospitales-prestan-atencion-con-normalidad\/","title":{"rendered":"Segundo d\u00eda de paro del sector salud: Reportan que algunos hospitales prestan atenci\u00f3n con normalidad"},"content":{"rendered":"<p style=\"text-align: justify;\">Este martes se cumple el segundo d\u00eda de paro de salud de 96 horas en el pa\u00eds. Los m\u00e9dicos rechazan el proyecto de ley 035 de Modificaci\u00f3n a la Ley de Pensiones que, se\u00f1alan, los obliga a jubilarse a los 65 a\u00f1os. Sin embargo, desde el Gobierno rechazaron esa posici\u00f3n.<\/p>\n<p style=\"text-align: justify;\">El paro se acata a medias pues hay establecimientos, en especial en Cochabamba, en los que la atenci\u00f3n es normal. Tal es el caso del Hospital del Norte donde este martes se est\u00e1 repartiendo fichas a los pacientes que llegaron en busca de atenci\u00f3n.<\/p>\n<p style=\"text-align: justify;\">A pesar del paro, en Cochabamba los pacientes madrugan con la esperanza de conseguir atenci\u00f3n m\u00e9dica. Por ejemplo, en el Hospital Pedi\u00e1trico hay incertidumbre, los ni\u00f1os junto a sus padres esperan a que se abra el \u00e1rea de consulta externa para saber si ser\u00e1n atendidos por los profesionales de salud.<\/p>\n<p style=\"text-align: justify;\">El presidente del Colegio M\u00e9dico de Cochabamba, Rolando Iriarte, se\u00f1al\u00f3 que el paro se acata en un 70%; es decir, en un 30% de establecimientos la atenci\u00f3n es normal.<\/p>\n<p style=\"text-align: justify;\">En el caso del hospital Japon\u00e9s en Santa Cruz la medida se acata al 100% por lo que incluso no hay pacientes en el ingreso.<\/p>\n<p style=\"text-align: justify;\">En el Hospital Los Andes en El Alto la atenci\u00f3n igual es regular desde el lunes. Los pacientes confirmaron que fueron atendidos el primer d\u00eda de esta semana y que les informaron que la atenci\u00f3n tambi\u00e9n ser\u00e1 normal este martes.<\/p>\n<p style=\"text-align: justify;\">Por otro lado, en el Hospital de Cl\u00ednicas, en La Paz, confirmaron que este martes no habr\u00e1 atenci\u00f3n este martes porque est\u00e1n acatando el paro de 96 horas, incluso se coloc\u00f3 letreros que anuncian el paro.<\/p>\n","protected":false},"excerpt":{"rendered":"<p>Este martes se cumple el segundo d\u00eda de paro de salud de 96 horas en el pa\u00eds. Los m\u00e9dicos rechazan el proyecto de ley 035 de Modificaci\u00f3n a la Ley de Pensiones que, se\u00f1alan, los obliga a jubilarse a los 65 a\u00f1os. Sin embargo, desde el Gobierno rechazaron esa posici\u00f3n. El paro se acata a [&hellip;]<\/p>\n","protected":false},"author":4,"featured_media":66885,"comment_status":"open","ping_status":"closed","sticky":false,"template":"","format":"standard","meta":{"footnotes":""},"categories":[49],"tags":[],"class_list":{"0":"post-66888","1":"post","2":"type-post","3":"status-publish","4":"format-standard","5":"has-post-thumbnail","7":"category-social"},"_links":{"self":[{"href":"https:\/\/jms.com.bo\/mediamonitor\/wp-json\/wp\/v2\/posts\/66888","targetHints":{"allow":["GET"]}}],"collection":[{"href":"https:\/\/jms.com.bo\/mediamonitor\/wp-json\/wp\/v2\/posts"}],"about":[{"href":"https:\/\/jms.com.bo\/mediamonitor\/wp-json\/wp\/v2\/types\/post"}],"author":[{"embeddable":true,"href":"https:\/\/jms.com.bo\/mediamonitor\/wp-json\/wp\/v2\/users\/4"}],"replies":[{"embeddable":true,"href":"https:\/\/jms.com.bo\/mediamonitor\/wp-json\/wp\/v2\/comments?post=66888"}],"version-history":[{"count":0,"href":"https:\/\/jms.com.bo\/mediamonitor\/wp-json\/wp\/v2\/posts\/66888\/revisions"}],"wp:featuredmedia":[{"embeddable":true,"href":"https:\/\/jms.com.bo\/mediamonitor\/wp-json\/wp\/v2\/media\/66885"}],"wp:attachment":[{"href":"https:\/\/jms.com.bo\/mediamonitor\/wp-json\/wp\/v2\/media?parent=66888"}],"wp:term":[{"taxonomy":"category","embeddable":true,"href":"https:\/\/jms.com.bo\/mediamonitor\/wp-json\/wp\/v2\/categories?post=66888"},{"taxonomy":"post_tag","embeddable":true,"href":"https:\/\/jms.com.bo\/mediamonitor\/wp-json\/wp\/v2\/tags?post=66888"}],"curies":[{"name":"wp","href":"https:\/\/api.w.org\/{rel}","templated":true}]}}