{"id":66889,"date":"2024-06-19T06:55:29","date_gmt":"2024-06-19T10:55:29","guid":{"rendered":"https:\/\/jms.com.bo\/mediamonitor\/2024\/06\/19\/pilotos-civiles-confirman-paro-de-este-miercoles\/"},"modified":"2024-06-19T06:55:29","modified_gmt":"2024-06-19T10:55:29","slug":"pilotos-civiles-confirman-paro-de-este-miercoles","status":"publish","type":"post","link":"https:\/\/jms.com.bo\/mediamonitor\/2024\/06\/19\/pilotos-civiles-confirman-paro-de-este-miercoles\/","title":{"rendered":"Pilotos civiles confirman paro de este mi\u00e9rcoles"},"content":{"rendered":"<p style=\"text-align: justify;\">Tras una Asamblea del Frente de Unidad de la Aviaci\u00f3n Civil &#8211; General de Bolivia, los pilotos de cinco departamentos confirmaron un paro de actividades para este mi\u00e9rcoles desde las 08:00 horas.<\/p>\n<p style=\"text-align: justify;\">La determinaci\u00f3n surge como reclaml por una \u00abnegligente gesti\u00f3n que pone en riesgo las operaciones a\u00e9reas\u00bb por parte de NAABOL. La protesta se acatar\u00e1 en Santa Cruz, Cochabamba, Riberalta , Trinidad y Santa Ana.<\/p>\n","protected":false},"excerpt":{"rendered":"<p>Tras una Asamblea del Frente de Unidad de la Aviaci\u00f3n Civil &#8211; General de Bolivia, los pilotos de cinco departamentos confirmaron un paro de actividades para este mi\u00e9rcoles desde las 08:00 horas. La determinaci\u00f3n surge como reclaml por una \u00abnegligente gesti\u00f3n que pone en riesgo las operaciones a\u00e9reas\u00bb por parte de NAABOL. La protesta se [&hellip;]<\/p>\n","protected":false},"author":4,"featured_media":66890,"comment_status":"open","ping_status":"closed","sticky":false,"template":"","format":"standard","meta":{"footnotes":""},"categories":[49],"tags":[],"class_list":{"0":"post-66889","1":"post","2":"type-post","3":"status-publish","4":"format-standard","5":"has-post-thumbnail","7":"category-social"},"_links":{"self":[{"href":"https:\/\/jms.com.bo\/mediamonitor\/wp-json\/wp\/v2\/posts\/66889","targetHints":{"allow":["GET"]}}],"collection":[{"href":"https:\/\/jms.com.bo\/mediamonitor\/wp-json\/wp\/v2\/posts"}],"about":[{"href":"https:\/\/jms.com.bo\/mediamonitor\/wp-json\/wp\/v2\/types\/post"}],"author":[{"embeddable":true,"href":"https:\/\/jms.com.bo\/mediamonitor\/wp-json\/wp\/v2\/users\/4"}],"replies":[{"embeddable":true,"href":"https:\/\/jms.com.bo\/mediamonitor\/wp-json\/wp\/v2\/comments?post=66889"}],"version-history":[{"count":0,"href":"https:\/\/jms.com.bo\/mediamonitor\/wp-json\/wp\/v2\/posts\/66889\/revisions"}],"wp:featuredmedia":[{"embeddable":true,"href":"https:\/\/jms.com.bo\/mediamonitor\/wp-json\/wp\/v2\/media\/66890"}],"wp:attachment":[{"href":"https:\/\/jms.com.bo\/mediamonitor\/wp-json\/wp\/v2\/media?parent=66889"}],"wp:term":[{"taxonomy":"category","embeddable":true,"href":"https:\/\/jms.com.bo\/mediamonitor\/wp-json\/wp\/v2\/categories?post=66889"},{"taxonomy":"post_tag","embeddable":true,"href":"https:\/\/jms.com.bo\/mediamonitor\/wp-json\/wp\/v2\/tags?post=66889"}],"curies":[{"name":"wp","href":"https:\/\/api.w.org\/{rel}","templated":true}]}}