{"id":66891,"date":"2024-06-19T06:56:51","date_gmt":"2024-06-19T10:56:51","guid":{"rendered":"https:\/\/jms.com.bo\/mediamonitor\/2024\/06\/19\/transportistas-citan-a-ampliado-para-definir-movilizaciones-montano-ve-presion-de-evo\/"},"modified":"2024-06-19T06:56:51","modified_gmt":"2024-06-19T10:56:51","slug":"transportistas-citan-a-ampliado-para-definir-movilizaciones-montano-ve-presion-de-evo","status":"publish","type":"post","link":"https:\/\/jms.com.bo\/mediamonitor\/2024\/06\/19\/transportistas-citan-a-ampliado-para-definir-movilizaciones-montano-ve-presion-de-evo\/","title":{"rendered":"Transportistas citan a ampliado para definir movilizaciones, Monta\u00f1o ve \u201cpresi\u00f3n\u201d de Evo"},"content":{"rendered":"<p style=\"text-align: justify;\">El transporte pesado convoc\u00f3 a un ampliado nacional para este viernes 21 de junio, a las 10:00, en la ciudad de Santa Cruz, para pedir al Gobierno respeto al sector y definir nuevas protestas, anunci\u00f3 el dirigente Domingo Ramos. El ministro de Obras P\u00fablicas, \u00c9dgar Monta\u00f1o, denunci\u00f3 que detr\u00e1s de ese encuentro est\u00e1 la presi\u00f3n del expresidente Evo Morales que busca generar conflicto.<\/p>\n<p style=\"text-align: justify;\">Ramos anunci\u00f3 que en ampliado nacional no s\u00f3lo participar\u00e1n dirigentes del transporte pesado, sino tambi\u00e9n representantes de asociaciones, federaciones y confederaciones. Indic\u00f3 que \u201ctodos unidos\u201d pedir\u00e1n que este sector sea respetado.<\/p>\n<p style=\"text-align: justify;\">Lament\u00f3 que el domingo, en el encuentro que sostuvo la dirigencia del transporte pesado con el presidente, Luis Arce, el ministro Monta\u00f1o y otras autoridades no se lleg\u00f3 a ninguna soluci\u00f3n respecto a las demandas del sector. Fue \u201cun saludo a la bandera\u201d, se\u00f1al\u00f3.<\/p>\n<p style=\"text-align: justify;\">Ramos advirti\u00f3 que en el ampliado de este viernes se definir\u00e1n las futuras medidas de protesta, ya que el trabajo de las mesas t\u00e9cnicas entre dirigentes del transporte y autoridades de impuestos y la Aduana no llegaron a ning\u00fan acuerdo.<\/p>\n<p style=\"text-align: justify;\">El transporte pesado realiz\u00f3 un paro y bloqueos de caminos el 3 y el 4 de junio y ten\u00eda previsto impulsar una protesta indefinida el lunes 17; sin embargo, el encuentro del domingo logr\u00f3 suspender la medida de presi\u00f3n.<\/p>\n<p style=\"text-align: justify;\">El sector reclama por la falta de combustible y d\u00f3lares en el pa\u00eds y por los cobros irregulares de funcionarios de la Aduana y de Impuestos Nacionales.<\/p>\n<p style=\"text-align: justify;\">Video<\/p>\n<p style=\"text-align: justify;\">Respecto al video difundido por Monta\u00f1o en su cuenta de TikTok, en el que celebra la suspensi\u00f3n de los bloqueos y que luego borr\u00f3, Ramos critic\u00f3 que la autoridad se haya \u201cmofado\u201d de los transportistas.<\/p>\n<p style=\"text-align: justify;\">Se\u00f1al\u00f3 que la suspensi\u00f3n no fue un logro de ese ministro y que ahora, si se aprueba un bloqueo de v\u00edas en el ampliado, tendr\u00e1 que ir a bailar a los puntos de bloqueo.<\/p>\n<p style=\"text-align: justify;\">Denuncian presi\u00f3n de Evo<\/p>\n<p style=\"text-align: justify;\">Monta\u00f1o advirti\u00f3 que las movilizaciones de los choferes son una \u201cpresi\u00f3n\u201d que ejercer el expresidente Evo Morales, ya que \u00e9l est\u00e1 detr\u00e1s de las movilizaciones.<\/p>\n<p style=\"text-align: justify;\">\u201cPara nosotros no es novedad que convoquen a un ampliado y que tomen las medidas, porque detr\u00e1s tambi\u00e9n est\u00e1n la presi\u00f3n del compa\u00f1ero Evo, ya han salido nuevamente a decir que van a empezar a bloquear por la promulgaci\u00f3n de la Ley 73 y 75, que le va a beneficiar al compa\u00f1ero Evo para que pueda repostularse y eso no se puede hacer, ya hay una sentencia del Tribunal Constitucional, donde dice claramente que no hay repostulaci\u00f3n indefinida\u201d, dijo.<\/p>\n","protected":false},"excerpt":{"rendered":"<p>El transporte pesado convoc\u00f3 a un ampliado nacional para este viernes 21 de junio, a las 10:00, en la ciudad de Santa Cruz, para pedir al Gobierno respeto al sector y definir nuevas protestas, anunci\u00f3 el dirigente Domingo Ramos. El ministro de Obras P\u00fablicas, \u00c9dgar Monta\u00f1o, denunci\u00f3 que detr\u00e1s de ese encuentro est\u00e1 la presi\u00f3n [&hellip;]<\/p>\n","protected":false},"author":4,"featured_media":66892,"comment_status":"open","ping_status":"closed","sticky":false,"template":"","format":"standard","meta":{"footnotes":""},"categories":[53],"tags":[],"class_list":{"0":"post-66891","1":"post","2":"type-post","3":"status-publish","4":"format-standard","5":"has-post-thumbnail","7":"category-salud"},"_links":{"self":[{"href":"https:\/\/jms.com.bo\/mediamonitor\/wp-json\/wp\/v2\/posts\/66891","targetHints":{"allow":["GET"]}}],"collection":[{"href":"https:\/\/jms.com.bo\/mediamonitor\/wp-json\/wp\/v2\/posts"}],"about":[{"href":"https:\/\/jms.com.bo\/mediamonitor\/wp-json\/wp\/v2\/types\/post"}],"author":[{"embeddable":true,"href":"https:\/\/jms.com.bo\/mediamonitor\/wp-json\/wp\/v2\/users\/4"}],"replies":[{"embeddable":true,"href":"https:\/\/jms.com.bo\/mediamonitor\/wp-json\/wp\/v2\/comments?post=66891"}],"version-history":[{"count":0,"href":"https:\/\/jms.com.bo\/mediamonitor\/wp-json\/wp\/v2\/posts\/66891\/revisions"}],"wp:featuredmedia":[{"embeddable":true,"href":"https:\/\/jms.com.bo\/mediamonitor\/wp-json\/wp\/v2\/media\/66892"}],"wp:attachment":[{"href":"https:\/\/jms.com.bo\/mediamonitor\/wp-json\/wp\/v2\/media?parent=66891"}],"wp:term":[{"taxonomy":"category","embeddable":true,"href":"https:\/\/jms.com.bo\/mediamonitor\/wp-json\/wp\/v2\/categories?post=66891"},{"taxonomy":"post_tag","embeddable":true,"href":"https:\/\/jms.com.bo\/mediamonitor\/wp-json\/wp\/v2\/tags?post=66891"}],"curies":[{"name":"wp","href":"https:\/\/api.w.org\/{rel}","templated":true}]}}