{"id":66893,"date":"2024-06-19T06:58:42","date_gmt":"2024-06-19T10:58:42","guid":{"rendered":"https:\/\/jms.com.bo\/mediamonitor\/2024\/06\/19\/acuerdo-prioriza-obras-en-13-capitanias-guaranies\/"},"modified":"2024-06-19T06:58:42","modified_gmt":"2024-06-19T10:58:42","slug":"acuerdo-prioriza-obras-en-13-capitanias-guaranies","status":"publish","type":"post","link":"https:\/\/jms.com.bo\/mediamonitor\/2024\/06\/19\/acuerdo-prioriza-obras-en-13-capitanias-guaranies\/","title":{"rendered":"Acuerdo prioriza obras en 13 capitan\u00edas guaran\u00edes"},"content":{"rendered":"<p style=\"text-align: justify;\">La jurisdicci\u00f3n de la entidad territorial aut\u00f3noma Kereimba Yyaambae, ubicado en la provincia Cordillera del departamento de Santa Cruz, fue el lugar hasta donde el gobernador en ejercicio Mario Aguilera, se hizo presente para concretar la firma de acuerdo y compromiso de trabajo con los dirigentes de las 13 capitan\u00edas ind\u00edgenas guaran\u00ed.<\/p>\n<p style=\"text-align: justify;\">El encuentro, refrend\u00f3 el compromiso por parte del gobernador en ejercicio de priorizar la ejecuci\u00f3n de las actividades, obras y proyectos establecidos en las mesas t\u00e9cnicas realizadas la pasada semana en la comunidad La Brecha, de la capitan\u00eda zona Alto Isoso, en la que autoridades y t\u00e9cnicos de la Gobernaci\u00f3n acordaron trabajar en temas correspondientes a caminos, electricidad, recursos h\u00eddricos y personalidad jur\u00eddica.<\/p>\n<p style=\"text-align: justify;\">\u201cEstar\u00e9 aqu\u00ed las veces que haga falta porque la oportunidad de servirle a nuestro pueblo la debemos valorar, pero es imposible servir al pueblo aislado entre cuatro paredes, por eso estamos aqu\u00ed, porque esa es la forma de hacerlo, frente a frente para atender las necesidades de los 4 millones de cruce\u00f1os y del pueblo guaran\u00ed. Esa riqueza que tiene este pueblo creo que comienza con la sinceridad, por lo que esperamos trabajar con ustedes de manera propositiva\u201d, resalt\u00f3 Aguilera.<\/p>\n<p style=\"text-align: justify;\">El acta de acuerdo y compromiso org\u00e1nico-interinstitucional, se constituye en una agenda de trabajo oficial y pol\u00edtico de desarrollo entre el Gobierno Aut\u00f3nomo Departamental de Santa Cruz y las 13 capitan\u00edas Guaran\u00ed en la que se refleja la voluntad de trabajo coordinado y conjunto entre ambos entes.<\/p>\n<p style=\"text-align: justify;\">RESPALDO<\/p>\n<p style=\"text-align: justify;\">El gobernador en ejercicio, Mario Aguilera, estuvo acompa\u00f1ado de los secretarios de Desarrollo Econ\u00f3mico y de Salud, Fernando Menacho y Marcelo Kramer, respectivamente, y directores, que fueron recibidos con las respectivas tradiciones guaran\u00edes, como la entrega de regalos de bolsos bordados a mano.<\/p>\n<p style=\"text-align: justify;\">Los capitanes guaran\u00edes y pobladores manifestaron su satisfacci\u00f3n por la atenci\u00f3n a sus necesidades m\u00e1s prioritarias que se gestionar\u00e1n entre esta y la pr\u00f3xima gesti\u00f3n.<br \/>\nEdil Avenda\u00f1o, capit\u00e1n grande de la Capitan\u00eda Gran Kaipependi Karovaicho, resalt\u00f3 que este acuerdo program\u00e1tico engloba las demandas m\u00e1s b\u00e1sicas de agua, caminos, educaci\u00f3n y salud.<\/p>\n<p style=\"text-align: justify;\">Omar Flores, presidente del Consejo de Capitanes de Santa Cruz, explic\u00f3 que esta firma representa el respaldo para dar continuidad al trabajo de las mesas t\u00e9cnicas de la pasada semana en Isoso.<\/p>\n<p style=\"text-align: justify;\">En este punto, el dirigente destac\u00f3 el compromiso de la Gobernaci\u00f3n de perforar cuatro pozos de agua hasta fin de a\u00f1o y continuar con m\u00e1s a partir de 2025.<\/p>\n<p style=\"text-align: justify;\">Por su parte, Gladys Pinto, responsable de G\u00e9nero de la Capitan\u00eda Gran Kaipependi Karovaicho, a nombre de sus 22 comunidades y m\u00e1s de 4.000 mujeres, enfatiz\u00f3 en las necesidades de proyectos para emprendedoras y en la prioridad de los pozos de agua para paliar la sequ\u00eda. (Santa Cruz, agencias)<\/p>\n","protected":false},"excerpt":{"rendered":"<p>La jurisdicci\u00f3n de la entidad territorial aut\u00f3noma Kereimba Yyaambae, ubicado en la provincia Cordillera del departamento de Santa Cruz, fue el lugar hasta donde el gobernador en ejercicio Mario Aguilera, se hizo presente para concretar la firma de acuerdo y compromiso de trabajo con los dirigentes de las 13 capitan\u00edas ind\u00edgenas guaran\u00ed. El encuentro, refrend\u00f3 [&hellip;]<\/p>\n","protected":false},"author":4,"featured_media":66894,"comment_status":"open","ping_status":"closed","sticky":false,"template":"","format":"standard","meta":{"footnotes":""},"categories":[20],"tags":[],"class_list":{"0":"post-66893","1":"post","2":"type-post","3":"status-publish","4":"format-standard","5":"has-post-thumbnail","7":"category-actualidad"},"_links":{"self":[{"href":"https:\/\/jms.com.bo\/mediamonitor\/wp-json\/wp\/v2\/posts\/66893","targetHints":{"allow":["GET"]}}],"collection":[{"href":"https:\/\/jms.com.bo\/mediamonitor\/wp-json\/wp\/v2\/posts"}],"about":[{"href":"https:\/\/jms.com.bo\/mediamonitor\/wp-json\/wp\/v2\/types\/post"}],"author":[{"embeddable":true,"href":"https:\/\/jms.com.bo\/mediamonitor\/wp-json\/wp\/v2\/users\/4"}],"replies":[{"embeddable":true,"href":"https:\/\/jms.com.bo\/mediamonitor\/wp-json\/wp\/v2\/comments?post=66893"}],"version-history":[{"count":0,"href":"https:\/\/jms.com.bo\/mediamonitor\/wp-json\/wp\/v2\/posts\/66893\/revisions"}],"wp:featuredmedia":[{"embeddable":true,"href":"https:\/\/jms.com.bo\/mediamonitor\/wp-json\/wp\/v2\/media\/66894"}],"wp:attachment":[{"href":"https:\/\/jms.com.bo\/mediamonitor\/wp-json\/wp\/v2\/media?parent=66893"}],"wp:term":[{"taxonomy":"category","embeddable":true,"href":"https:\/\/jms.com.bo\/mediamonitor\/wp-json\/wp\/v2\/categories?post=66893"},{"taxonomy":"post_tag","embeddable":true,"href":"https:\/\/jms.com.bo\/mediamonitor\/wp-json\/wp\/v2\/tags?post=66893"}],"curies":[{"name":"wp","href":"https:\/\/api.w.org\/{rel}","templated":true}]}}