{"id":66895,"date":"2024-06-19T07:00:09","date_gmt":"2024-06-19T11:00:09","guid":{"rendered":"https:\/\/jms.com.bo\/mediamonitor\/2024\/06\/19\/gusano-perforador-afecta-150-hectareas-de-cultivo-de-tomate-en-mairana-y-pampa-grande\/"},"modified":"2024-06-19T07:00:09","modified_gmt":"2024-06-19T11:00:09","slug":"gusano-perforador-afecta-150-hectareas-de-cultivo-de-tomate-en-mairana-y-pampa-grande","status":"publish","type":"post","link":"https:\/\/jms.com.bo\/mediamonitor\/2024\/06\/19\/gusano-perforador-afecta-150-hectareas-de-cultivo-de-tomate-en-mairana-y-pampa-grande\/","title":{"rendered":"\u00abGusano perforador\u00bb afecta 150 hect\u00e1reas de cultivo de tomate en Mairana y Pampa Grande"},"content":{"rendered":"<p style=\"text-align: justify;\">La denominada plaga \u201cgusano perforador\u201d afect\u00f3 al menos 150 hect\u00e1reas (ha) de cultivo de tomate en los municipios de Mairana y Pampa Grande del departamento de Santa Cruz, seg\u00fan el Servicio Nacional de Sanidad Agropecuaria e Inocuidad Alimentaria (Senasag).<\/p>\n<p style=\"text-align: justify;\">\u201cLo que tenemos cuantificado en la afectaci\u00f3n de plaga de que son algo m\u00e1s de 150 hect\u00e1reas, pero comentarles que la afectaci\u00f3n no ha sido al 100 por ciento\u201d, inform\u00f3 el encargado departamental de Vigilancia y Programa de Sanidad Ambiental del Senasag, Carlos Bustillo.<\/p>\n<p style=\"text-align: justify;\">Explic\u00f3 que, de esa cantidad de hect\u00e1reas de tomate, en el primer corte registr\u00f3 una afectaci\u00f3n de casi el 100% (que equivale a 1.000 a 1.500 cajas perdidas) y el segundo corte de entre un 40% y 50%.<\/p>\n<p style=\"text-align: justify;\">El 1 de abril de este a\u00f1o, la Asociaci\u00f3n de Horticultores y Fruticultores (Asofrut) denunci\u00f3 ante el Senasag la presencia del gusano perforador en cultivos de tomate. El d\u00eda 2 de ese mismo mes, esta entidad procedi\u00f3 a los trabajos de protecci\u00f3n a las parcelas.<\/p>\n<p style=\"text-align: justify;\">\u201cSe tom\u00f3 muestras de laboratorio, se realiz\u00f3 la previa protecci\u00f3n en diferentes cultivos para poder tambi\u00e9n evaluar las p\u00e9rdidas que se ten\u00eda de esta plaga en el cultivo de tomate\u201d, se\u00f1al\u00f3 el funcionario.<\/p>\n<p style=\"text-align: justify;\">Posteriormente, el Senasag se reuni\u00f3 con bioensayistas acreditados y empresas comercializadoras del producto para probar diferentes tratamientos y eficaces contra el \u201cgusano perforador\u201d del tomate. Asimismo, se capacit\u00f3 a los productores de Mairana y Pampa Grande.<\/p>\n","protected":false},"excerpt":{"rendered":"<p>La denominada plaga \u201cgusano perforador\u201d afect\u00f3 al menos 150 hect\u00e1reas (ha) de cultivo de tomate en los municipios de Mairana y Pampa Grande del departamento de Santa Cruz, seg\u00fan el Servicio Nacional de Sanidad Agropecuaria e Inocuidad Alimentaria (Senasag). \u201cLo que tenemos cuantificado en la afectaci\u00f3n de plaga de que son algo m\u00e1s de 150 [&hellip;]<\/p>\n","protected":false},"author":4,"featured_media":66896,"comment_status":"open","ping_status":"closed","sticky":false,"template":"","format":"standard","meta":{"footnotes":""},"categories":[20],"tags":[],"class_list":{"0":"post-66895","1":"post","2":"type-post","3":"status-publish","4":"format-standard","5":"has-post-thumbnail","7":"category-actualidad"},"_links":{"self":[{"href":"https:\/\/jms.com.bo\/mediamonitor\/wp-json\/wp\/v2\/posts\/66895","targetHints":{"allow":["GET"]}}],"collection":[{"href":"https:\/\/jms.com.bo\/mediamonitor\/wp-json\/wp\/v2\/posts"}],"about":[{"href":"https:\/\/jms.com.bo\/mediamonitor\/wp-json\/wp\/v2\/types\/post"}],"author":[{"embeddable":true,"href":"https:\/\/jms.com.bo\/mediamonitor\/wp-json\/wp\/v2\/users\/4"}],"replies":[{"embeddable":true,"href":"https:\/\/jms.com.bo\/mediamonitor\/wp-json\/wp\/v2\/comments?post=66895"}],"version-history":[{"count":0,"href":"https:\/\/jms.com.bo\/mediamonitor\/wp-json\/wp\/v2\/posts\/66895\/revisions"}],"wp:featuredmedia":[{"embeddable":true,"href":"https:\/\/jms.com.bo\/mediamonitor\/wp-json\/wp\/v2\/media\/66896"}],"wp:attachment":[{"href":"https:\/\/jms.com.bo\/mediamonitor\/wp-json\/wp\/v2\/media?parent=66895"}],"wp:term":[{"taxonomy":"category","embeddable":true,"href":"https:\/\/jms.com.bo\/mediamonitor\/wp-json\/wp\/v2\/categories?post=66895"},{"taxonomy":"post_tag","embeddable":true,"href":"https:\/\/jms.com.bo\/mediamonitor\/wp-json\/wp\/v2\/tags?post=66895"}],"curies":[{"name":"wp","href":"https:\/\/api.w.org\/{rel}","templated":true}]}}