{"id":66897,"date":"2024-06-19T07:02:51","date_gmt":"2024-06-19T11:02:51","guid":{"rendered":"https:\/\/jms.com.bo\/mediamonitor\/2024\/06\/19\/se-viene-el-frio-intenso-y-el-ministro-de-educacion-no-descarta-que-la-vacacion-dure-mas-de-dos-semanas\/"},"modified":"2024-06-19T07:02:51","modified_gmt":"2024-06-19T11:02:51","slug":"se-viene-el-frio-intenso-y-el-ministro-de-educacion-no-descarta-que-la-vacacion-dure-mas-de-dos-semanas","status":"publish","type":"post","link":"https:\/\/jms.com.bo\/mediamonitor\/2024\/06\/19\/se-viene-el-frio-intenso-y-el-ministro-de-educacion-no-descarta-que-la-vacacion-dure-mas-de-dos-semanas\/","title":{"rendered":"Se viene el fr\u00edo intenso y el ministro de Educaci\u00f3n no descarta que la vacaci\u00f3n dure m\u00e1s de dos semanas"},"content":{"rendered":"<p style=\"text-align: justify;\">Luego de recibir los reportes meteorol\u00f3gicos del Servicio Nacional de Meteorolog\u00eda e Hidrolog\u00eda (Senamhi) sobre el intenso fr\u00edo en julio, el ministro de Educaci\u00f3n, Omar V\u00e9liz, no descart\u00f3 que el descanso pedag\u00f3gico de invierno pueda durar m\u00e1s de dos semanas.<\/p>\n<p style=\"text-align: justify;\">\u201cEl Senamhi nos ha mandado un informe fuerte y la verdad que estamos preocupados por ello; porque el fr\u00edo va a ser m\u00e1s fuerte en julio. Tenemos previsto iniciar (la vacaci\u00f3n) a partir del 1, se va a iniciar como est\u00e1 en el cronograma y luego estaremos hablando sobre si se va ampliar o no seg\u00fan los informes. El Senamhi nos da informes de temperaturas bajas; y eso con seguridad va a hacer ampliar\u201d, dijo a los medios de comunicaci\u00f3n.<\/p>\n<p style=\"text-align: justify;\">Respecto a la posibilidad de adelantar una semana el descanso, lo descart\u00f3 precisamente porque el informe del clima indica que las temperaturas m\u00e1s bajas se registrar\u00e1n ese mes.<\/p>\n<p style=\"text-align: justify;\">Fr\u00edo<\/p>\n<p style=\"text-align: justify;\">Record\u00f3 que est\u00e1 vigente el horario de invierno ampliado y los alumnos tienen tolerancia para ingresar y salir con retraso y antelaci\u00f3n de las unidades educativas.<\/p>\n<p style=\"text-align: justify;\">\u201cLos directores departamentales, de manera regionalizada, est\u00e1n autorizados a aumentar el horario de invierno en 15, 20 minutos o media hora; de ahora porque se trata de cuidar la salud de los estudiantes\u201d, manifest\u00f3.<\/p>\n<p style=\"text-align: justify;\">El lunes, el Servicio Departamental de Salud de La Paz (Sedes) plante\u00f3 adelantar las vacaciones debido a las bajas temperaturas y las altas cifras de infecciones respiratorias agudas (IRA) en el departamento.<\/p>\n<p style=\"text-align: justify;\">V\u00e9liz recomend\u00f3 a las madres y padres de familia que lleven a sus hijos a los puntos de vacunaci\u00f3n contra la influenza y el COVID-19, habilitados en todo el pa\u00eds. \u201cLa influenza se est\u00e1 controlando a trav\u00e9s de los protocolos del Ministerio de Salud, que nos colaboren los padres para cuidar la salud de los estudiantes\u201d.<\/p>\n","protected":false},"excerpt":{"rendered":"<p>Luego de recibir los reportes meteorol\u00f3gicos del Servicio Nacional de Meteorolog\u00eda e Hidrolog\u00eda (Senamhi) sobre el intenso fr\u00edo en julio, el ministro de Educaci\u00f3n, Omar V\u00e9liz, no descart\u00f3 que el descanso pedag\u00f3gico de invierno pueda durar m\u00e1s de dos semanas. \u201cEl Senamhi nos ha mandado un informe fuerte y la verdad que estamos preocupados por [&hellip;]<\/p>\n","protected":false},"author":4,"featured_media":66898,"comment_status":"open","ping_status":"closed","sticky":false,"template":"","format":"standard","meta":{"footnotes":""},"categories":[20,47,48],"tags":[],"class_list":{"0":"post-66897","1":"post","2":"type-post","3":"status-publish","4":"format-standard","5":"has-post-thumbnail","7":"category-actualidad","8":"category-portada-actualidad","9":"category-portada-general-sitio"},"_links":{"self":[{"href":"https:\/\/jms.com.bo\/mediamonitor\/wp-json\/wp\/v2\/posts\/66897","targetHints":{"allow":["GET"]}}],"collection":[{"href":"https:\/\/jms.com.bo\/mediamonitor\/wp-json\/wp\/v2\/posts"}],"about":[{"href":"https:\/\/jms.com.bo\/mediamonitor\/wp-json\/wp\/v2\/types\/post"}],"author":[{"embeddable":true,"href":"https:\/\/jms.com.bo\/mediamonitor\/wp-json\/wp\/v2\/users\/4"}],"replies":[{"embeddable":true,"href":"https:\/\/jms.com.bo\/mediamonitor\/wp-json\/wp\/v2\/comments?post=66897"}],"version-history":[{"count":0,"href":"https:\/\/jms.com.bo\/mediamonitor\/wp-json\/wp\/v2\/posts\/66897\/revisions"}],"wp:featuredmedia":[{"embeddable":true,"href":"https:\/\/jms.com.bo\/mediamonitor\/wp-json\/wp\/v2\/media\/66898"}],"wp:attachment":[{"href":"https:\/\/jms.com.bo\/mediamonitor\/wp-json\/wp\/v2\/media?parent=66897"}],"wp:term":[{"taxonomy":"category","embeddable":true,"href":"https:\/\/jms.com.bo\/mediamonitor\/wp-json\/wp\/v2\/categories?post=66897"},{"taxonomy":"post_tag","embeddable":true,"href":"https:\/\/jms.com.bo\/mediamonitor\/wp-json\/wp\/v2\/tags?post=66897"}],"curies":[{"name":"wp","href":"https:\/\/api.w.org\/{rel}","templated":true}]}}