{"id":66926,"date":"2024-06-20T07:03:30","date_gmt":"2024-06-20T11:03:30","guid":{"rendered":"https:\/\/jms.com.bo\/mediamonitor\/2024\/06\/20\/con-213-433-ninos-vacunados-contra-la-influenza-en-el-pais-la-cobertura-alcanza-el-30\/"},"modified":"2024-06-20T07:03:30","modified_gmt":"2024-06-20T11:03:30","slug":"con-213-433-ninos-vacunados-contra-la-influenza-en-el-pais-la-cobertura-alcanza-el-30","status":"publish","type":"post","link":"https:\/\/jms.com.bo\/mediamonitor\/2024\/06\/20\/con-213-433-ninos-vacunados-contra-la-influenza-en-el-pais-la-cobertura-alcanza-el-30\/","title":{"rendered":"Con 213.433 ni\u00f1os vacunados contra la influenza en el pa\u00eds, la cobertura alcanza el 30%"},"content":{"rendered":"<p style=\"text-align: justify;\">El fr\u00edo ya se siente en el pa\u00eds y el riesgo de contraer infecciones respiratorias aumenta. A m\u00e1s de un mes del inicio de la campa\u00f1a de vacunaci\u00f3n contra la influenza en todo el territorio boliviano se aplicaron 726.827 dosis, de las cuales 213.433 pertenecen a menores hasta los 12 a\u00f1os y 513.394 a los adultos, seg\u00fan datos del Ministerio de Salud.<\/p>\n<p style=\"text-align: justify;\">El viceministro de Promoci\u00f3n y Vigilancia Epidemiol\u00f3gica, Max Enr\u00edquez, indic\u00f3 que, hasta este mi\u00e9rcoles la cobertura de la vacunaci\u00f3n contra la influenza en ni\u00f1os hasta los 12 a\u00f1os alcanz\u00f3 el 30%.<\/p>\n<p style=\"text-align: justify;\">\u201cEstamos avanzando con un 30% al 19 de junio. Los ni\u00f1os y ni\u00f1as de 2 a 12 a\u00f1os han acelerado la vacunaci\u00f3n, los padres de familia han tomado en cuenta que la mejor medida de prevenci\u00f3n es la vacunaci\u00f3n (\u2026) aunque todav\u00eda nos falta un 70\u2033, dijo.<\/p>\n<p style=\"text-align: justify;\">A la par, las bajas temperaturas contin\u00faan afectando a la salud, sobre todo en los menores de edad. Las autoridades recuerdan a la poblaci\u00f3n que la vacunaci\u00f3n es una de las mejores maneras para evitar el contagio de infecciones respiratorias.<\/p>\n<p style=\"text-align: justify;\">Los requisitos para que las ni\u00f1as y ni\u00f1os puedan recibir la dosis son pocos: la autorizaci\u00f3n de un padre de familia y el carnet de identidad. En caso de no portar la identificaci\u00f3n, se puede brindar el n\u00famero del documento para el Registro Nominal de Vacunaci\u00f3n Electr\u00f3nica (RNVe).<\/p>\n<p style=\"text-align: justify;\">La campa\u00f1a de inmunizaci\u00f3n se extender\u00e1 hasta el 31 de julio. Por el momento, prioriza a grupos de riesgo como a beb\u00e9s de 6 a 23 meses de edad, adultos mayores, personas con enfermedades de base, embarazadas, personal de salud; y ni\u00f1as y ni\u00f1os de 2 a 12 a\u00f1os.<\/p>\n<p style=\"text-align: justify;\">Contra la influenza<\/p>\n<p style=\"text-align: justify;\">En cuanto a la posibilidad de ampliar el grupo etario en la vacunaci\u00f3n, el ministro de Educaci\u00f3n, Omar V\u00e9liz, indic\u00f3 que recibieron solicitudes que ser\u00e1n analizadas en coordinaci\u00f3n con el Ministerio de Salud<\/p>\n<p style=\"text-align: justify;\">\u201cHemos recibido (las solicitudes) y estamos trabajando en ello conjuntamente con el Ministerio de Salud para que se vaya asistiendo a lo que son las enfermedades que est\u00e1n ocasionando estos fuertes fr\u00edos\u201d, explic\u00f3.<\/p>\n<p style=\"text-align: justify;\">V\u00e9liz recomend\u00f3 a las madres y padres de familia que lleven a sus hijos a los puntos de vacunaci\u00f3n contra la influenza y el COVID-19, habilitados en todo el pa\u00eds \u201cpara cuidar la salud de los estudiantes\u201d.<\/p>\n","protected":false},"excerpt":{"rendered":"<p>El fr\u00edo ya se siente en el pa\u00eds y el riesgo de contraer infecciones respiratorias aumenta. A m\u00e1s de un mes del inicio de la campa\u00f1a de vacunaci\u00f3n contra la influenza en todo el territorio boliviano se aplicaron 726.827 dosis, de las cuales 213.433 pertenecen a menores hasta los 12 a\u00f1os y 513.394 a los [&hellip;]<\/p>\n","protected":false},"author":4,"featured_media":66927,"comment_status":"open","ping_status":"closed","sticky":false,"template":"","format":"standard","meta":{"footnotes":""},"categories":[53],"tags":[],"class_list":{"0":"post-66926","1":"post","2":"type-post","3":"status-publish","4":"format-standard","5":"has-post-thumbnail","7":"category-salud"},"_links":{"self":[{"href":"https:\/\/jms.com.bo\/mediamonitor\/wp-json\/wp\/v2\/posts\/66926","targetHints":{"allow":["GET"]}}],"collection":[{"href":"https:\/\/jms.com.bo\/mediamonitor\/wp-json\/wp\/v2\/posts"}],"about":[{"href":"https:\/\/jms.com.bo\/mediamonitor\/wp-json\/wp\/v2\/types\/post"}],"author":[{"embeddable":true,"href":"https:\/\/jms.com.bo\/mediamonitor\/wp-json\/wp\/v2\/users\/4"}],"replies":[{"embeddable":true,"href":"https:\/\/jms.com.bo\/mediamonitor\/wp-json\/wp\/v2\/comments?post=66926"}],"version-history":[{"count":0,"href":"https:\/\/jms.com.bo\/mediamonitor\/wp-json\/wp\/v2\/posts\/66926\/revisions"}],"wp:featuredmedia":[{"embeddable":true,"href":"https:\/\/jms.com.bo\/mediamonitor\/wp-json\/wp\/v2\/media\/66927"}],"wp:attachment":[{"href":"https:\/\/jms.com.bo\/mediamonitor\/wp-json\/wp\/v2\/media?parent=66926"}],"wp:term":[{"taxonomy":"category","embeddable":true,"href":"https:\/\/jms.com.bo\/mediamonitor\/wp-json\/wp\/v2\/categories?post=66926"},{"taxonomy":"post_tag","embeddable":true,"href":"https:\/\/jms.com.bo\/mediamonitor\/wp-json\/wp\/v2\/tags?post=66926"}],"curies":[{"name":"wp","href":"https:\/\/api.w.org\/{rel}","templated":true}]}}