{"id":67142,"date":"2024-06-27T06:53:16","date_gmt":"2024-06-27T10:53:16","guid":{"rendered":"https:\/\/jms.com.bo\/mediamonitor\/2024\/06\/27\/brasil-garantiza-la-compra-de-gas-natural-de-bolivia\/"},"modified":"2024-06-27T06:53:16","modified_gmt":"2024-06-27T10:53:16","slug":"brasil-garantiza-la-compra-de-gas-natural-de-bolivia","status":"publish","type":"post","link":"https:\/\/jms.com.bo\/mediamonitor\/2024\/06\/27\/brasil-garantiza-la-compra-de-gas-natural-de-bolivia\/","title":{"rendered":"Brasil garantiza la compra de gas natural de Bolivia"},"content":{"rendered":"<p style=\"text-align: justify;\">El embajador de Brasil en Bolivia, Luis Henrique Sobreira, afirm\u00f3 este mi\u00e9rcoles que su pa\u00eds garantiza la compra del gas natural boliviano siempre y cuando Bolivia disponga del energ\u00e9tico.<\/p>\n<p style=\"text-align: justify;\">\u201cNaturalmente que, mientras Bolivia disponga de gas suficiente para exportar y no solo para consumir, nosotros estar\u00edamos interesados para importar porque este gas es muy importante para Brasil\u201d, dijo el diplom\u00e1tico.<\/p>\n<p style=\"text-align: justify;\">El contrato inicial de venta de gas natural entre Bolivia y Brasil se firm\u00f3 en 1996 y establec\u00eda un volumen m\u00ednimo de compra de 24 millones de metros c\u00fabicos d\u00eda (MMm3d) de gas natural y un m\u00e1ximo de entrega de 30,08 MMm3d. El acuerdo ten\u00eda una duraci\u00f3n de 20 a\u00f1os a partir de 1999 hasta 2019.<\/p>\n<p style=\"text-align: justify;\">Las petroleras Yacimientos Petrol\u00edferos Fiscales (YPFB) y Petr\u00f3leo Brasileiro SA (Petrobras), firmaron en diciembre de 2023 una nueva adenda al contrato de compra-venta de gas natural. El acuerdo mantiene un env\u00edo m\u00e1ximo de 20 MMm3d, pero con una \u201cmayor flexibilidad\u201d en compromisos en firme.<\/p>\n<p style=\"text-align: justify;\">Sobreira dijo que la importaci\u00f3n del energ\u00e9tico est\u00e1 garantizada pese a que existe el inter\u00e9s de Brasil de comprar gas de Argentina luego de que se anunciar\u00e1 que dejar\u00e1 de importar el energ\u00e9tico de Bolivia.<\/p>\n<p style=\"text-align: justify;\">\u201cNosotros tenemos una gran demanda por el gas, y naturalmente si Argentina tiene posibilidad de exportar para Brasil por su producci\u00f3n ser\u00eda muy interesante para Brasil\u201d, sostuvo Sobreira.<\/p>\n<p style=\"text-align: justify;\">Adem\u00e1s, afirm\u00f3 que mantendr\u00e1 la demanda de vol\u00famenes de gas durante invierno toda vez que en Brasil la \u00e9poca invernal no es tan dura como en otros pa\u00edses de la regi\u00f3n.<\/p>\n","protected":false},"excerpt":{"rendered":"<p>El embajador de Brasil en Bolivia, Luis Henrique Sobreira, afirm\u00f3 este mi\u00e9rcoles que su pa\u00eds garantiza la compra del gas natural boliviano siempre y cuando Bolivia disponga del energ\u00e9tico. \u201cNaturalmente que, mientras Bolivia disponga de gas suficiente para exportar y no solo para consumir, nosotros estar\u00edamos interesados para importar porque este gas es muy importante [&hellip;]<\/p>\n","protected":false},"author":4,"featured_media":67143,"comment_status":"open","ping_status":"closed","sticky":false,"template":"","format":"standard","meta":{"footnotes":""},"categories":[40,23,48,43],"tags":[],"class_list":{"0":"post-67142","1":"post","2":"type-post","3":"status-publish","4":"format-standard","5":"has-post-thumbnail","7":"category-bolivia","8":"category-hidrocarburos","9":"category-portada-general-sitio","10":"category-portada-oil-gas"},"_links":{"self":[{"href":"https:\/\/jms.com.bo\/mediamonitor\/wp-json\/wp\/v2\/posts\/67142","targetHints":{"allow":["GET"]}}],"collection":[{"href":"https:\/\/jms.com.bo\/mediamonitor\/wp-json\/wp\/v2\/posts"}],"about":[{"href":"https:\/\/jms.com.bo\/mediamonitor\/wp-json\/wp\/v2\/types\/post"}],"author":[{"embeddable":true,"href":"https:\/\/jms.com.bo\/mediamonitor\/wp-json\/wp\/v2\/users\/4"}],"replies":[{"embeddable":true,"href":"https:\/\/jms.com.bo\/mediamonitor\/wp-json\/wp\/v2\/comments?post=67142"}],"version-history":[{"count":0,"href":"https:\/\/jms.com.bo\/mediamonitor\/wp-json\/wp\/v2\/posts\/67142\/revisions"}],"wp:featuredmedia":[{"embeddable":true,"href":"https:\/\/jms.com.bo\/mediamonitor\/wp-json\/wp\/v2\/media\/67143"}],"wp:attachment":[{"href":"https:\/\/jms.com.bo\/mediamonitor\/wp-json\/wp\/v2\/media?parent=67142"}],"wp:term":[{"taxonomy":"category","embeddable":true,"href":"https:\/\/jms.com.bo\/mediamonitor\/wp-json\/wp\/v2\/categories?post=67142"},{"taxonomy":"post_tag","embeddable":true,"href":"https:\/\/jms.com.bo\/mediamonitor\/wp-json\/wp\/v2\/tags?post=67142"}],"curies":[{"name":"wp","href":"https:\/\/api.w.org\/{rel}","templated":true}]}}