{"id":67144,"date":"2024-06-28T07:08:01","date_gmt":"2024-06-28T11:08:01","guid":{"rendered":"https:\/\/jms.com.bo\/mediamonitor\/2024\/06\/28\/cochabamba-concentra-el-70-de-los-casos-de-rabia-del-pais\/"},"modified":"2024-06-28T07:08:01","modified_gmt":"2024-06-28T11:08:01","slug":"cochabamba-concentra-el-70-de-los-casos-de-rabia-del-pais","status":"publish","type":"post","link":"https:\/\/jms.com.bo\/mediamonitor\/2024\/06\/28\/cochabamba-concentra-el-70-de-los-casos-de-rabia-del-pais\/","title":{"rendered":"Cochabamba concentra el 70% de los casos de rabia del pa\u00eds"},"content":{"rendered":"<p style=\"text-align: justify;\">En lo que va del a\u00f1o, 24 casos de rabia ya fueron detectados en el pa\u00eds, la mayor\u00eda en Cochabamba. Y es que el departamento concentra 17 de estos positivos, es decir, el equivalente al 70% del total nacional.<\/p>\n<p style=\"text-align: justify;\">\u201cDe los datos que nosotros tenemos hasta la fecha, tenemos menos casos que el a\u00f1o pasado, pero hasta esta semana epidemiol\u00f3gica suman un total de 24 casos que hemos venido sumando. En Cochabamba hemos tenido seis en (el municipio de) Cercado, cinco en Quillacollo, cinco en Sacaba, uno en Ivirgarzama\u201d, inform\u00f3 la ministra de Salud, Mar\u00eda Ren\u00e9e Castro.<\/p>\n<p style=\"text-align: justify;\">La rabia est\u00e1 presente tambi\u00e9n en otros tres departamentos. \u201cEn Chuquisaca, en la ciudad de Sucre hemos tenido cuatro casos; en Potos\u00ed, un caso; y ahora tenemos en La Paz, en El Alto uno y en La Paz uno\u201d, detall\u00f3 la autoridad.<\/p>\n<p style=\"text-align: justify;\">COCHABAMBA<\/p>\n<p style=\"text-align: justify;\">Aunque la alerta contin\u00faa, la cifra de casos hace prever que sea menor respecto al a\u00f1o pasado. En este primer semestre, se tiene el total de 24 positivos, mientras que en el mismo periodo en 2023 se contabilizaron 65, y la gesti\u00f3n cerr\u00f3 con 180, seg\u00fan datos del Ministerio de Salud.<\/p>\n<p style=\"text-align: justify;\">La respuesta, para lograr la meta de reducir los casos, ser\u00e1 una masiva campa\u00f1a que se ejecutar\u00e1 este fin de semana en los nueve departamentos. Salud confirm\u00f3 la distribuci\u00f3n de 3.685.817 dosis contra la rabia en el pa\u00eds.<\/p>\n<p style=\"text-align: justify;\">\u201cUsualmente esperamos hasta agosto, que es el mes cuando se hace el lanzamiento de lucha contra la rabia, esto para nosotros no pod\u00eda esperar, por esa raz\u00f3n hemos acelerado varios pasos para emprender una tarea que tenemos pendiente como pa\u00eds, que es la lucha contra la rabia canina y felina\u201d, dijo Castro.<\/p>\n<p style=\"text-align: justify;\">De este total de dosis, Cochabamba recibir\u00e1 851.760.<\/p>\n","protected":false},"excerpt":{"rendered":"<p>En lo que va del a\u00f1o, 24 casos de rabia ya fueron detectados en el pa\u00eds, la mayor\u00eda en Cochabamba. Y es que el departamento concentra 17 de estos positivos, es decir, el equivalente al 70% del total nacional. \u201cDe los datos que nosotros tenemos hasta la fecha, tenemos menos casos que el a\u00f1o pasado, [&hellip;]<\/p>\n","protected":false},"author":4,"featured_media":67145,"comment_status":"open","ping_status":"closed","sticky":false,"template":"","format":"standard","meta":{"footnotes":""},"categories":[53],"tags":[],"class_list":{"0":"post-67144","1":"post","2":"type-post","3":"status-publish","4":"format-standard","5":"has-post-thumbnail","7":"category-salud"},"_links":{"self":[{"href":"https:\/\/jms.com.bo\/mediamonitor\/wp-json\/wp\/v2\/posts\/67144","targetHints":{"allow":["GET"]}}],"collection":[{"href":"https:\/\/jms.com.bo\/mediamonitor\/wp-json\/wp\/v2\/posts"}],"about":[{"href":"https:\/\/jms.com.bo\/mediamonitor\/wp-json\/wp\/v2\/types\/post"}],"author":[{"embeddable":true,"href":"https:\/\/jms.com.bo\/mediamonitor\/wp-json\/wp\/v2\/users\/4"}],"replies":[{"embeddable":true,"href":"https:\/\/jms.com.bo\/mediamonitor\/wp-json\/wp\/v2\/comments?post=67144"}],"version-history":[{"count":0,"href":"https:\/\/jms.com.bo\/mediamonitor\/wp-json\/wp\/v2\/posts\/67144\/revisions"}],"wp:featuredmedia":[{"embeddable":true,"href":"https:\/\/jms.com.bo\/mediamonitor\/wp-json\/wp\/v2\/media\/67145"}],"wp:attachment":[{"href":"https:\/\/jms.com.bo\/mediamonitor\/wp-json\/wp\/v2\/media?parent=67144"}],"wp:term":[{"taxonomy":"category","embeddable":true,"href":"https:\/\/jms.com.bo\/mediamonitor\/wp-json\/wp\/v2\/categories?post=67144"},{"taxonomy":"post_tag","embeddable":true,"href":"https:\/\/jms.com.bo\/mediamonitor\/wp-json\/wp\/v2\/tags?post=67144"}],"curies":[{"name":"wp","href":"https:\/\/api.w.org\/{rel}","templated":true}]}}