{"id":67146,"date":"2024-06-28T07:09:32","date_gmt":"2024-06-28T11:09:32","guid":{"rendered":"https:\/\/jms.com.bo\/mediamonitor\/2024\/06\/28\/avicultores-afirman-que-hubo-una-perdida-de-produccion-de-pollo-en-el-ultimo-trimestre\/"},"modified":"2024-06-28T07:09:32","modified_gmt":"2024-06-28T11:09:32","slug":"avicultores-afirman-que-hubo-una-perdida-de-produccion-de-pollo-en-el-ultimo-trimestre","status":"publish","type":"post","link":"https:\/\/jms.com.bo\/mediamonitor\/2024\/06\/28\/avicultores-afirman-que-hubo-una-perdida-de-produccion-de-pollo-en-el-ultimo-trimestre\/","title":{"rendered":"Avicultores afirman que hubo una p\u00e9rdida de producci\u00f3n de pollo en el \u00faltimo trimestre"},"content":{"rendered":"<p style=\"text-align: justify;\">Seg\u00fan la Asociaci\u00f3n Departamental de Avicultores (ADA), la producci\u00f3n de carne de pollo ha sido deficitaria en el \u00faltimo trimestre. El vicepresidente de la ADA, Iv\u00e1n Carre\u00f3n, inform\u00f3 que el precio de la carne de pollo ha estado por debajo del costo de producci\u00f3n, que es de 11,86 bolivianos por kilogramo. Mientras tanto, el precio promedio de venta ha sido de 11,31 bolivianos.<\/p>\n<p style=\"text-align: justify;\">A pesar de las p\u00e9rdidas, Carre\u00f3n asegur\u00f3 que estas podr\u00edan ser compensadas en los pr\u00f3ximos meses. Adem\u00e1s, desminti\u00f3 que la carne de pollo est\u00e9 subvencionada y destac\u00f3 los desaf\u00edos causados por los bloqueos en Santa Cruz, que han afectado el flujo de insumos esenciales para la producci\u00f3n av\u00edcola.<\/p>\n<p style=\"text-align: justify;\">Aumento de costos log\u00edsticos debido a los bloqueos<\/p>\n<p style=\"text-align: justify;\">Los bloqueos en Santa Cruz han incrementado los costos de transporte para la producci\u00f3n av\u00edcola. Esto ha obligado a utilizar rutas alternativas m\u00e1s costosas. A pesar de estos aumentos en los costos log\u00edsticos, Carre\u00f3n asegur\u00f3 que no se han reflejado en el precio final de venta del pollo.<\/p>\n<p style=\"text-align: justify;\">La carne de pollo no est\u00e1 subvencionada<\/p>\n<p style=\"text-align: justify;\">Carre\u00f3n desminti\u00f3 categ\u00f3ricamente que la carne de pollo est\u00e9 subvencionada y resalt\u00f3 que su precio est\u00e1 determinado por el mercado y no por subsidios.<\/p>\n<p style=\"text-align: justify;\">Asistencia de Emapa cubre solo el 12% del ma\u00edz necesario<br \/>\nLa Empresa de Apoyo a la Producci\u00f3n de Alimentos (Emapa) brinda asistencia cubriendo solo el 12% del ma\u00edz necesario para la producci\u00f3n av\u00edcola.<\/p>\n","protected":false},"excerpt":{"rendered":"<p>Seg\u00fan la Asociaci\u00f3n Departamental de Avicultores (ADA), la producci\u00f3n de carne de pollo ha sido deficitaria en el \u00faltimo trimestre. El vicepresidente de la ADA, Iv\u00e1n Carre\u00f3n, inform\u00f3 que el precio de la carne de pollo ha estado por debajo del costo de producci\u00f3n, que es de 11,86 bolivianos por kilogramo. Mientras tanto, el precio [&hellip;]<\/p>\n","protected":false},"author":4,"featured_media":67147,"comment_status":"open","ping_status":"closed","sticky":false,"template":"","format":"standard","meta":{"footnotes":""},"categories":[52],"tags":[],"class_list":{"0":"post-67146","1":"post","2":"type-post","3":"status-publish","4":"format-standard","5":"has-post-thumbnail","7":"category-alimentos-agroindustria"},"_links":{"self":[{"href":"https:\/\/jms.com.bo\/mediamonitor\/wp-json\/wp\/v2\/posts\/67146","targetHints":{"allow":["GET"]}}],"collection":[{"href":"https:\/\/jms.com.bo\/mediamonitor\/wp-json\/wp\/v2\/posts"}],"about":[{"href":"https:\/\/jms.com.bo\/mediamonitor\/wp-json\/wp\/v2\/types\/post"}],"author":[{"embeddable":true,"href":"https:\/\/jms.com.bo\/mediamonitor\/wp-json\/wp\/v2\/users\/4"}],"replies":[{"embeddable":true,"href":"https:\/\/jms.com.bo\/mediamonitor\/wp-json\/wp\/v2\/comments?post=67146"}],"version-history":[{"count":0,"href":"https:\/\/jms.com.bo\/mediamonitor\/wp-json\/wp\/v2\/posts\/67146\/revisions"}],"wp:featuredmedia":[{"embeddable":true,"href":"https:\/\/jms.com.bo\/mediamonitor\/wp-json\/wp\/v2\/media\/67147"}],"wp:attachment":[{"href":"https:\/\/jms.com.bo\/mediamonitor\/wp-json\/wp\/v2\/media?parent=67146"}],"wp:term":[{"taxonomy":"category","embeddable":true,"href":"https:\/\/jms.com.bo\/mediamonitor\/wp-json\/wp\/v2\/categories?post=67146"},{"taxonomy":"post_tag","embeddable":true,"href":"https:\/\/jms.com.bo\/mediamonitor\/wp-json\/wp\/v2\/tags?post=67146"}],"curies":[{"name":"wp","href":"https:\/\/api.w.org\/{rel}","templated":true}]}}