{"id":67674,"date":"2024-07-16T06:57:22","date_gmt":"2024-07-16T10:57:22","guid":{"rendered":"https:\/\/jms.com.bo\/mediamonitor\/2024\/07\/16\/nardi-suxo-descarta-su-salida-de-la-embajada-de-espana-tras-rumores-de-destitucion\/"},"modified":"2024-07-16T06:57:22","modified_gmt":"2024-07-16T10:57:22","slug":"nardi-suxo-descarta-su-salida-de-la-embajada-de-espana-tras-rumores-de-destitucion","status":"publish","type":"post","link":"https:\/\/jms.com.bo\/mediamonitor\/2024\/07\/16\/nardi-suxo-descarta-su-salida-de-la-embajada-de-espana-tras-rumores-de-destitucion\/","title":{"rendered":"Nardi Suxo descarta su salida de la Embajada de Espa\u00f1a tras rumores de destituci\u00f3n"},"content":{"rendered":"<p style=\"text-align: justify;\">La embajadora de Bolivia en Espa\u00f1a, Nardi Suxo, descart\u00f3 este lunes que haya sido removida de su cargo por la Canciller\u00eda de Bolivia tras circular el fin de semana en redes sociales un presunto memorando de destituci\u00f3n del cargo.<\/p>\n<p style=\"text-align: justify;\">\u201cLas cosas no cambiaron para m\u00ed, a\u00fan sigo cumpliendo como corresponde con la comunidad\u201d, escribi\u00f3 Suxo en un post en la red social X, en el que adem\u00e1s agradece a familiares y amigos que se comunicaron con ella tras surgir los rumores de su destituci\u00f3n.<\/p>\n<p style=\"text-align: justify;\">El fin de semana circul\u00f3 un documento en el que se se\u00f1alaba que Suxo dejaba de ser embajadora desde el 26 de junio de 2024. Lo que es falso, seg\u00fan las palabras de la embajadora.<\/p>\n<p style=\"text-align: justify;\">En las cuentas oficiales de la Embajada de Bolivia en Espa\u00f1a, Suxo sigue figurando como jefe de la misi\u00f3n diplom\u00e1tica en este pa\u00eds e incluso envi\u00f3 una felicitaci\u00f3n a Espa\u00f1a por ganar la Eurocopa el domingo.<\/p>\n<p style=\"text-align: justify;\">\u201cLa embajadora del Estado Plurinacional de Bolivia Nardi Suxo Iturry y todo el equipo de la Embajada, saluda el triunfo de la selecci\u00f3n espa\u00f1ola de f\u00fatbol, consiguiendo su cuarta Eurocopa y colocarse en lo m\u00e1s alto del f\u00fatbol europeo\u201d, se\u00f1ala un post de la Embajada.<\/p>\n<p style=\"text-align: justify;\">Adem\u00e1s, Suxo particip\u00f3 el pasado 11 de julio en un acto en la Embajada de Colombia, varios d\u00edas despu\u00e9s de la supuesta destituci\u00f3n.<\/p>\n<p style=\"text-align: justify;\">Tambi\u00e9n este lunes, Suxo comparti\u00f3 otro post en sus redes sociales, pidiendo que se deje de difundir \u201cinformaci\u00f3n falsa\u201d.<\/p>\n","protected":false},"excerpt":{"rendered":"<p>La embajadora de Bolivia en Espa\u00f1a, Nardi Suxo, descart\u00f3 este lunes que haya sido removida de su cargo por la Canciller\u00eda de Bolivia tras circular el fin de semana en redes sociales un presunto memorando de destituci\u00f3n del cargo. \u201cLas cosas no cambiaron para m\u00ed, a\u00fan sigo cumpliendo como corresponde con la comunidad\u201d, escribi\u00f3 Suxo [&hellip;]<\/p>\n","protected":false},"author":4,"featured_media":67675,"comment_status":"open","ping_status":"closed","sticky":false,"template":"","format":"standard","meta":{"footnotes":""},"categories":[18],"tags":[],"class_list":{"0":"post-67674","1":"post","2":"type-post","3":"status-publish","4":"format-standard","5":"has-post-thumbnail","7":"category-politica"},"_links":{"self":[{"href":"https:\/\/jms.com.bo\/mediamonitor\/wp-json\/wp\/v2\/posts\/67674","targetHints":{"allow":["GET"]}}],"collection":[{"href":"https:\/\/jms.com.bo\/mediamonitor\/wp-json\/wp\/v2\/posts"}],"about":[{"href":"https:\/\/jms.com.bo\/mediamonitor\/wp-json\/wp\/v2\/types\/post"}],"author":[{"embeddable":true,"href":"https:\/\/jms.com.bo\/mediamonitor\/wp-json\/wp\/v2\/users\/4"}],"replies":[{"embeddable":true,"href":"https:\/\/jms.com.bo\/mediamonitor\/wp-json\/wp\/v2\/comments?post=67674"}],"version-history":[{"count":0,"href":"https:\/\/jms.com.bo\/mediamonitor\/wp-json\/wp\/v2\/posts\/67674\/revisions"}],"wp:featuredmedia":[{"embeddable":true,"href":"https:\/\/jms.com.bo\/mediamonitor\/wp-json\/wp\/v2\/media\/67675"}],"wp:attachment":[{"href":"https:\/\/jms.com.bo\/mediamonitor\/wp-json\/wp\/v2\/media?parent=67674"}],"wp:term":[{"taxonomy":"category","embeddable":true,"href":"https:\/\/jms.com.bo\/mediamonitor\/wp-json\/wp\/v2\/categories?post=67674"},{"taxonomy":"post_tag","embeddable":true,"href":"https:\/\/jms.com.bo\/mediamonitor\/wp-json\/wp\/v2\/tags?post=67674"}],"curies":[{"name":"wp","href":"https:\/\/api.w.org\/{rel}","templated":true}]}}