{"id":67678,"date":"2024-07-16T07:00:37","date_gmt":"2024-07-16T11:00:37","guid":{"rendered":"https:\/\/jms.com.bo\/mediamonitor\/2024\/07\/16\/reunion-para-destrabar-las-judiciales-acaba-sin-acuerdos-entre-arcistas-evistas-y-opositores\/"},"modified":"2024-07-16T07:00:37","modified_gmt":"2024-07-16T11:00:37","slug":"reunion-para-destrabar-las-judiciales-acaba-sin-acuerdos-entre-arcistas-evistas-y-opositores","status":"publish","type":"post","link":"https:\/\/jms.com.bo\/mediamonitor\/2024\/07\/16\/reunion-para-destrabar-las-judiciales-acaba-sin-acuerdos-entre-arcistas-evistas-y-opositores\/","title":{"rendered":"Reuni\u00f3n para destrabar las judiciales acaba sin acuerdos entre \u201carcistas\u201d, \u201cevistas\u201d y opositores"},"content":{"rendered":"<p style=\"text-align: justify;\">La reuni\u00f3n convocada por el vicepresidente, David Choquehuanca, con el fin de destrabar las elecciones judiciales acab\u00f3 este lunes sin ning\u00fan acuerdo, debido a posiciones encontradas en el tema, inform\u00f3 el senador Guillermo Seoane, jefe de bancada de Comunidad Ciudadana, al final del encuentro.<\/p>\n<p style=\"text-align: justify;\">El legislador se\u00f1al\u00f3 que la oposici\u00f3n plante\u00f3 a Choquehuanca promulgar la ley 075 del cese de magistrados y adem\u00e1s una decisi\u00f3n pol\u00edtica para llevar adelante las elecciones, sin la intromisi\u00f3n de otro \u00f3rgano del Estado.<\/p>\n<p style=\"text-align: justify;\">\u00abCreer que los autoprorrogados van a llevar adelante la elecci\u00f3n judicial, es una mentira, una falacia. Ellos quieren quedarse en esos puesto\u00bb, remarc\u00f3.<\/p>\n<p style=\"text-align: justify;\">El senador de Creemos, Henry Montero, fustig\u00f3 que Choquehuanca hizo una propuesta indecente al plantear la convocatoria a una sesi\u00f3n de la Asamblea Legislativa Plurinacional (ALP) donde se apruebe una resoluci\u00f3n para pedirle al Tribunal Constitucional (TCP) que no salgan m\u00e1s amparos o sentencias contra el proceso, a cambio de que el parlamento no toque m\u00e1s la ley 075.<\/p>\n<p style=\"text-align: justify;\">\u00abHemos rechazado la propuesta de Choquehuanca y le hemos manifestado que se enmarque en la Constituci\u00f3n\u00bb, enfatiz\u00f3.<\/p>\n<p style=\"text-align: justify;\">El presidente del Senado, Andr\u00f3nico Rodr\u00edguez, remarc\u00f3 que hay consenso de que se debe continuar con la preselecci\u00f3n y considera que las comisiones deber\u00edan esta semana retomar el trabajo sin importar si llegan o no m\u00e1s amparos. \u00abNo puede ser que el perjuicio de derecho de un ciudadano perjudique a todo el proceso de la preselecci\u00f3n\u00bb, dijo Andr\u00f3nico.<\/p>\n<p style=\"text-align: justify;\">El \u00abarcista\u00bb Jerges Mercado, jefe de la bancada del MAS en Diputados, culp\u00f3 a la oposici\u00f3n por el nuevo empantanamiento por poner como condici\u00f3n previa para el avance del di\u00e1logo la promulgaci\u00f3n de la ley 075, norma que aduce es inconstitucional, seg\u00fan tres sentencias al respecto.<\/p>\n<p style=\"text-align: justify;\">La semana pasada, una Sala Constitucional del Beni emiti\u00f3 una nueva decisi\u00f3n ordenando la paralizaci\u00f3n de la fase de entrevistas hasta que se resuelva el recurso presentado por una ciudadana contra un postulante.<\/p>\n<p style=\"text-align: justify;\">El fallo lo emiti\u00f3 el vocal Charles Mej\u00eda, quien postul\u00f3 a un tribunal, pero fue inhabilitado. El Tribunal Supremo Electoral (TSE) necesita 150 d\u00edas para realizar los comicios por lo que deber\u00eda recibir las listas hasta fines de julio para que los comicios sean este a\u00f1o.<\/p>\n","protected":false},"excerpt":{"rendered":"<p>La reuni\u00f3n convocada por el vicepresidente, David Choquehuanca, con el fin de destrabar las elecciones judiciales acab\u00f3 este lunes sin ning\u00fan acuerdo, debido a posiciones encontradas en el tema, inform\u00f3 el senador Guillermo Seoane, jefe de bancada de Comunidad Ciudadana, al final del encuentro. El legislador se\u00f1al\u00f3 que la oposici\u00f3n plante\u00f3 a Choquehuanca promulgar la [&hellip;]<\/p>\n","protected":false},"author":4,"featured_media":67679,"comment_status":"open","ping_status":"closed","sticky":false,"template":"","format":"standard","meta":{"footnotes":""},"categories":[18,48,46],"tags":[],"class_list":{"0":"post-67678","1":"post","2":"type-post","3":"status-publish","4":"format-standard","5":"has-post-thumbnail","7":"category-politica","8":"category-portada-general-sitio","9":"category-portada-politica"},"_links":{"self":[{"href":"https:\/\/jms.com.bo\/mediamonitor\/wp-json\/wp\/v2\/posts\/67678","targetHints":{"allow":["GET"]}}],"collection":[{"href":"https:\/\/jms.com.bo\/mediamonitor\/wp-json\/wp\/v2\/posts"}],"about":[{"href":"https:\/\/jms.com.bo\/mediamonitor\/wp-json\/wp\/v2\/types\/post"}],"author":[{"embeddable":true,"href":"https:\/\/jms.com.bo\/mediamonitor\/wp-json\/wp\/v2\/users\/4"}],"replies":[{"embeddable":true,"href":"https:\/\/jms.com.bo\/mediamonitor\/wp-json\/wp\/v2\/comments?post=67678"}],"version-history":[{"count":0,"href":"https:\/\/jms.com.bo\/mediamonitor\/wp-json\/wp\/v2\/posts\/67678\/revisions"}],"wp:featuredmedia":[{"embeddable":true,"href":"https:\/\/jms.com.bo\/mediamonitor\/wp-json\/wp\/v2\/media\/67679"}],"wp:attachment":[{"href":"https:\/\/jms.com.bo\/mediamonitor\/wp-json\/wp\/v2\/media?parent=67678"}],"wp:term":[{"taxonomy":"category","embeddable":true,"href":"https:\/\/jms.com.bo\/mediamonitor\/wp-json\/wp\/v2\/categories?post=67678"},{"taxonomy":"post_tag","embeddable":true,"href":"https:\/\/jms.com.bo\/mediamonitor\/wp-json\/wp\/v2\/tags?post=67678"}],"curies":[{"name":"wp","href":"https:\/\/api.w.org\/{rel}","templated":true}]}}