{"id":67698,"date":"2024-07-17T07:08:52","date_gmt":"2024-07-17T11:08:52","guid":{"rendered":"https:\/\/jms.com.bo\/mediamonitor\/2024\/07\/17\/vigilan-ocho-casos-sospechosos-de-sarampion-en-oruro\/"},"modified":"2024-07-17T07:08:52","modified_gmt":"2024-07-17T11:08:52","slug":"vigilan-ocho-casos-sospechosos-de-sarampion-en-oruro","status":"publish","type":"post","link":"https:\/\/jms.com.bo\/mediamonitor\/2024\/07\/17\/vigilan-ocho-casos-sospechosos-de-sarampion-en-oruro\/","title":{"rendered":"Vigilan ocho casos sospechosos de sarampi\u00f3n en Oruro"},"content":{"rendered":"<p style=\"text-align: justify;\">La vigilancia sanitaria en Oruro sigue de cerca al sarampi\u00f3n. Luego del hallazgo de un caso positivo, el Servicio Departamental de Salud (Sedes) inform\u00f3 que los controles contin\u00faan y que actualmente se hace el seguimiento a ocho pacientes sospechosos de la enfermedad.<\/p>\n<p style=\"text-align: justify;\">\u201cHemos hecho el seguimiento correspondiente, a la fecha tenemos ocho casos sospechosos. Un caso sospechoso de sarampi\u00f3n es aquel paciente que tiene fiebre y tiene una erupci\u00f3n m\u00e1culo papular no vesicular. Estos casos necesitan la corroboraci\u00f3n laboratorial\u201d, inform\u00f3 la directora del Sedes Oruro, Marcela Rosales.<\/p>\n<p style=\"text-align: justify;\">Hace dos semanas, el Ministerio de Salud confirm\u00f3 un caso positivo de sarampi\u00f3n en el departamento de Oruro. El paciente es un ni\u00f1o de dos a\u00f1os que no contaba con la vacuna y cuyo contagio llev\u00f3 a la instituci\u00f3n a activar una alerta nacional.<\/p>\n<p style=\"text-align: justify;\">Los nueve departamentos est\u00e1n ahora al apronte de esta enfermedad; mientras se intenta incrementar las coberturas de vacunaci\u00f3n. De momento, no se han reportado m\u00e1s casos en el territorio nacional, pero la alerta contin\u00faa vigente.<\/p>\n<p style=\"text-align: justify;\">\u201cSe ha ido trabajando en todo este tiempo en la vacunaci\u00f3n\u201d, asever\u00f3 la directora.<\/p>\n<p style=\"text-align: justify;\">De acuerdo con el portal de la Organizaci\u00f3n Panamericana de la Salud\/Organizaci\u00f3n Mundial de la Salud (OPS\/OMS): \u00abEl sarampi\u00f3n es una enfermedad v\u00edrica muy contagiosa que afecta sobre todo a los ni\u00f1os y se transmite por got\u00edculas procedentes de la nariz, boca y faringe de las personas infectadas\u00bb.<\/p>\n","protected":false},"excerpt":{"rendered":"<p>La vigilancia sanitaria en Oruro sigue de cerca al sarampi\u00f3n. Luego del hallazgo de un caso positivo, el Servicio Departamental de Salud (Sedes) inform\u00f3 que los controles contin\u00faan y que actualmente se hace el seguimiento a ocho pacientes sospechosos de la enfermedad. \u201cHemos hecho el seguimiento correspondiente, a la fecha tenemos ocho casos sospechosos. Un [&hellip;]<\/p>\n","protected":false},"author":4,"featured_media":67699,"comment_status":"open","ping_status":"closed","sticky":false,"template":"","format":"standard","meta":{"footnotes":""},"categories":[53],"tags":[],"class_list":{"0":"post-67698","1":"post","2":"type-post","3":"status-publish","4":"format-standard","5":"has-post-thumbnail","7":"category-salud"},"_links":{"self":[{"href":"https:\/\/jms.com.bo\/mediamonitor\/wp-json\/wp\/v2\/posts\/67698","targetHints":{"allow":["GET"]}}],"collection":[{"href":"https:\/\/jms.com.bo\/mediamonitor\/wp-json\/wp\/v2\/posts"}],"about":[{"href":"https:\/\/jms.com.bo\/mediamonitor\/wp-json\/wp\/v2\/types\/post"}],"author":[{"embeddable":true,"href":"https:\/\/jms.com.bo\/mediamonitor\/wp-json\/wp\/v2\/users\/4"}],"replies":[{"embeddable":true,"href":"https:\/\/jms.com.bo\/mediamonitor\/wp-json\/wp\/v2\/comments?post=67698"}],"version-history":[{"count":0,"href":"https:\/\/jms.com.bo\/mediamonitor\/wp-json\/wp\/v2\/posts\/67698\/revisions"}],"wp:featuredmedia":[{"embeddable":true,"href":"https:\/\/jms.com.bo\/mediamonitor\/wp-json\/wp\/v2\/media\/67699"}],"wp:attachment":[{"href":"https:\/\/jms.com.bo\/mediamonitor\/wp-json\/wp\/v2\/media?parent=67698"}],"wp:term":[{"taxonomy":"category","embeddable":true,"href":"https:\/\/jms.com.bo\/mediamonitor\/wp-json\/wp\/v2\/categories?post=67698"},{"taxonomy":"post_tag","embeddable":true,"href":"https:\/\/jms.com.bo\/mediamonitor\/wp-json\/wp\/v2\/tags?post=67698"}],"curies":[{"name":"wp","href":"https:\/\/api.w.org\/{rel}","templated":true}]}}