{"id":67700,"date":"2024-07-17T07:10:13","date_gmt":"2024-07-17T11:10:13","guid":{"rendered":"https:\/\/jms.com.bo\/mediamonitor\/2024\/07\/17\/asocebu-inicia-el-protocolo-para-la-exportacion-de-embriones-y-semen-a-guatemala\/"},"modified":"2024-07-17T07:10:13","modified_gmt":"2024-07-17T11:10:13","slug":"asocebu-inicia-el-protocolo-para-la-exportacion-de-embriones-y-semen-a-guatemala","status":"publish","type":"post","link":"https:\/\/jms.com.bo\/mediamonitor\/2024\/07\/17\/asocebu-inicia-el-protocolo-para-la-exportacion-de-embriones-y-semen-a-guatemala\/","title":{"rendered":"Asoceb\u00fa inicia el protocolo para la exportaci\u00f3n de embriones y semen a Guatemala"},"content":{"rendered":"<p style=\"text-align: justify;\">El presidente de la Asociaci\u00f3n Boliviana de Criadores de Ceb\u00fa (Asoceb\u00fa), Yamil Nacif, confirm\u00f3 que autoridades sanitarias del gobierno de Guatemala aceptaron los protocolos sanitarios del pa\u00eds para comenzar con la exportaci\u00f3n de embriones y semen de ganado boliviano al pa\u00eds centroamericano.<\/p>\n<p style=\"text-align: justify;\">\u201cLa aceptaci\u00f3n de Guatemala a todo el sistema sanitario que tenemos en Bolivia para poder exportar material gen\u00e9tico. Nuestro pa\u00eds ha recibido muchos requerimientos e intenciones de comercio, haciendo conocer que incluso ganaderos han comprado gen\u00e9tica de Bolivia para fortalecer la gen\u00e9tica de su pa\u00eds\u201d, inform\u00f3 Nacif, mediante un comunicado.<\/p>\n<p style=\"text-align: justify;\">En tanto, el director general del Servicio Nacional de Sanidad Agropecuaria e Inocuidad Alimentaria (Senasag), Juan Quiroz, indic\u00f3 que Bolivia se convierte en uno de los pa\u00edses exportadores de mayor calidad gen\u00e9tica.<\/p>\n<p style=\"text-align: justify;\">\u201cLa industrializaci\u00f3n y la exportaci\u00f3n como pilares fundamentales en nuestro pa\u00eds, para lograrlo debemos ofrecer productos altamente calificados y poder competir en los mercados internacionales, realidad que nos permite el inter\u00e9s de pa\u00edses como Guatemala, Chile, China\u201d, dijo Quiroz.<\/p>\n<p style=\"text-align: justify;\">La autoridad record\u00f3 el Congreso Mundial de Criadores de Ceb\u00fa (Comceb\u00fa), realizado en 2022 como la plataforma para mostrar el mejoramiento gen\u00e9tico de Bolivia, permiti\u00f3 que pa\u00edses vecinos y de Centroam\u00e9rica tengan inter\u00e9s en importar nuestra gen\u00e9tica cebuina.<\/p>\n<p style=\"text-align: justify;\">Existen ganaderos de Paraguay y Guatemala que ya han adquirido animales en remates en Bolivia y que tienen la oportunidad de adquirir la gen\u00e9tica de esos animales.<\/p>\n<p style=\"text-align: justify;\">Cuba, Colombia, Ecuador, Per\u00fa, Paraguay, Argentina, y Brasil ya han exportado embriones y semen. Al momento se tiene en carpeta solicitudes de El Salvador, Panam\u00e1 y Costa Rica.<\/p>\n","protected":false},"excerpt":{"rendered":"<p>El presidente de la Asociaci\u00f3n Boliviana de Criadores de Ceb\u00fa (Asoceb\u00fa), Yamil Nacif, confirm\u00f3 que autoridades sanitarias del gobierno de Guatemala aceptaron los protocolos sanitarios del pa\u00eds para comenzar con la exportaci\u00f3n de embriones y semen de ganado boliviano al pa\u00eds centroamericano. \u201cLa aceptaci\u00f3n de Guatemala a todo el sistema sanitario que tenemos en Bolivia [&hellip;]<\/p>\n","protected":false},"author":4,"featured_media":67701,"comment_status":"open","ping_status":"closed","sticky":false,"template":"","format":"standard","meta":{"footnotes":""},"categories":[52],"tags":[],"class_list":{"0":"post-67700","1":"post","2":"type-post","3":"status-publish","4":"format-standard","5":"has-post-thumbnail","7":"category-alimentos-agroindustria"},"_links":{"self":[{"href":"https:\/\/jms.com.bo\/mediamonitor\/wp-json\/wp\/v2\/posts\/67700","targetHints":{"allow":["GET"]}}],"collection":[{"href":"https:\/\/jms.com.bo\/mediamonitor\/wp-json\/wp\/v2\/posts"}],"about":[{"href":"https:\/\/jms.com.bo\/mediamonitor\/wp-json\/wp\/v2\/types\/post"}],"author":[{"embeddable":true,"href":"https:\/\/jms.com.bo\/mediamonitor\/wp-json\/wp\/v2\/users\/4"}],"replies":[{"embeddable":true,"href":"https:\/\/jms.com.bo\/mediamonitor\/wp-json\/wp\/v2\/comments?post=67700"}],"version-history":[{"count":0,"href":"https:\/\/jms.com.bo\/mediamonitor\/wp-json\/wp\/v2\/posts\/67700\/revisions"}],"wp:featuredmedia":[{"embeddable":true,"href":"https:\/\/jms.com.bo\/mediamonitor\/wp-json\/wp\/v2\/media\/67701"}],"wp:attachment":[{"href":"https:\/\/jms.com.bo\/mediamonitor\/wp-json\/wp\/v2\/media?parent=67700"}],"wp:term":[{"taxonomy":"category","embeddable":true,"href":"https:\/\/jms.com.bo\/mediamonitor\/wp-json\/wp\/v2\/categories?post=67700"},{"taxonomy":"post_tag","embeddable":true,"href":"https:\/\/jms.com.bo\/mediamonitor\/wp-json\/wp\/v2\/tags?post=67700"}],"curies":[{"name":"wp","href":"https:\/\/api.w.org\/{rel}","templated":true}]}}