{"id":67702,"date":"2024-07-17T07:12:26","date_gmt":"2024-07-17T11:12:26","guid":{"rendered":"https:\/\/jms.com.bo\/mediamonitor\/2024\/07\/17\/trabajadores-de-salud-de-santa-cruz-realizan-paro-este-miercoles-en-rechazo-a-despidos\/"},"modified":"2024-07-17T07:12:26","modified_gmt":"2024-07-17T11:12:26","slug":"trabajadores-de-salud-de-santa-cruz-realizan-paro-este-miercoles-en-rechazo-a-despidos","status":"publish","type":"post","link":"https:\/\/jms.com.bo\/mediamonitor\/2024\/07\/17\/trabajadores-de-salud-de-santa-cruz-realizan-paro-este-miercoles-en-rechazo-a-despidos\/","title":{"rendered":"Trabajadores de salud de Santa Cruz realizan paro este mi\u00e9rcoles en rechazo a despidos"},"content":{"rendered":"<p style=\"text-align: justify;\">Trabajadores de salud iniciar\u00e1n, desde las 00:00 horas de este mi\u00e9rcoles, un paro departamental de 24 horas en apoyo a los funcionarios del Banco de Sangre, quienes cumplen una protesta similar de 48 horas iniciada la jornada del martes. La medida de presi\u00f3n se realiza en rechazo a los despidos y en contra de la falta de equipos, insumos y medicamentos en los hospitales.<\/p>\n<p style=\"text-align: justify;\">Robert Hurtado, dirigente de los trabajadores de salud, confirm\u00f3 que todos los dirigentes de los centros m\u00e9dicos, tanto de la ciudad como de las provincias, acatar\u00e1n la medida.<\/p>\n<p style=\"text-align: justify;\">\u00abHospitales de primer, segundo y tercer nivel entramos a un paro de 24 horas el d\u00eda mi\u00e9rcoles. No aceptamos los despidos que est\u00e1n haciendo injustificados. Los dirigentes de cada centro hospitalario de la ciudad y de provincias est\u00e1n apoyando a los compa\u00f1eros en el pedido para que sean incorporados al Banco de Sangre. Toda vez que hasta ahora no hemos visto que su trabajo est\u00e1 resultando, no hay espacio donde la gente sea hospitalizada, no hay profesionales para que atiendan las consultas\u00bb, indic\u00f3.<\/p>\n<p style=\"text-align: justify;\">Hurtado afirm\u00f3 que en los hospitales faltan recursos humanos, mientras que la gobernaci\u00f3n est\u00e1 despidiendo al personal. Adem\u00e1s cuestion\u00f3 la falta de equipos, insumos y crisis que est\u00e1n atravesando todos los hospitales del departamento.<\/p>\n<p style=\"text-align: justify;\">\u201cNo hay ni medicamentos en los hospitales, de qu\u00e9 trabajo est\u00e1n hablando si los hospitales est\u00e1n cada vez peor\u201d, asever\u00f3.<\/p>\n<p style=\"text-align: justify;\">En tanto, los trabajadores del Banco de Sangre pidieron a las autoridades de salud de la Gobernaci\u00f3n que atiendan sus demandas caso contrario, la pr\u00f3xima semana continuar\u00e1n con sus medidas de presi\u00f3n.<\/p>\n<p style=\"text-align: justify;\">\u00abEstamos cumpliendo con este paro de 48 horas como Banco de Sangre Regional Santa Cruz, donde demandamos y visibilizamos nosotros ante los despidos injustificados que se han dado. Exigimos principalmente la restituci\u00f3n de todos los trabajadores que han sido despedidos y que se garantice a trav\u00e9s de un escrito la estabilidad laboral y que no se vulneren los derechos\u00bb, indic\u00f3 Daniela Ch\u00e1vez, dirigente del sector.<\/p>\n<p style=\"text-align: justify;\">Agreg\u00f3 que pese al inicio de la medida, a\u00fan no han tenido ning\u00fan acercamiento ni llamada del secretario de Salud de la Gobernaci\u00f3n, Marcelo Kramer, a quien piden soluci\u00f3n para evitar perjuicios en la poblaci\u00f3n, quienes son los m\u00e1s afectados.<\/p>\n<p style=\"text-align: justify;\">Por el paro solo se atienden emergencias.<\/p>\n<p style=\"text-align: justify;\">Vladimir Pe\u00f1a, ex secretario de la Gobernaci\u00f3n considera que el problema en el sistema de salud es por la falta de recursos para poder sostenerlo. Asegura que hay un problema serio en la entidad departamental, no solo con el sector salud, sino en los diferentes campos o \u00e1reas.<\/p>\n<p style=\"text-align: justify;\">En tanto, el ex secretario de salud, Marcelo R\u00edos, lament\u00f3 el paro departamental que iniciar\u00e1 el sector salud. Asegur\u00f3 que dicha medida no es una soluci\u00f3n; sin embargo es la herramienta que los trabajadores han encontrado para ser escuchados por las autoridades.<\/p>\n<p style=\"text-align: justify;\">\u00abDefinitivamente, cada vez que hay problemas en salud, este afecta a la poblaci\u00f3n. En la ciudad tenemos aproximadamente entre 75 y 80 establecimientos de primer, segundo y tercer nivel en la parte p\u00fablica, sin contar la seguridad social. En el nivel departamental son casi 400 establecimientos que son los que se van a ver afectados uno por temas administrativos, ya sea a nivel local o a nivel nacional y dos tambi\u00e9n por los problemas que hay que nacen desde la misma parte sindical\u00bb, cuestion\u00f3.<\/p>\n<p style=\"text-align: justify;\">Pide a las autoridades dialogar, evitar y prevenir estos da\u00f1os para que la poblaci\u00f3n no sea perjudicada.<\/p>\n<p style=\"text-align: justify;\">\u00abLa consulta externa es la que mayores problemas tiene porque es la que se encarga de la cobertura de casi el 80 % de los problemas, porque el resto del d\u00eda el 20 % est\u00e1 marcado por las emergencias\u00bb, puntualiz\u00f3.<\/p>\n","protected":false},"excerpt":{"rendered":"<p>Trabajadores de salud iniciar\u00e1n, desde las 00:00 horas de este mi\u00e9rcoles, un paro departamental de 24 horas en apoyo a los funcionarios del Banco de Sangre, quienes cumplen una protesta similar de 48 horas iniciada la jornada del martes. La medida de presi\u00f3n se realiza en rechazo a los despidos y en contra de la [&hellip;]<\/p>\n","protected":false},"author":4,"featured_media":67703,"comment_status":"open","ping_status":"closed","sticky":false,"template":"","format":"standard","meta":{"footnotes":""},"categories":[49],"tags":[],"class_list":{"0":"post-67702","1":"post","2":"type-post","3":"status-publish","4":"format-standard","5":"has-post-thumbnail","7":"category-social"},"_links":{"self":[{"href":"https:\/\/jms.com.bo\/mediamonitor\/wp-json\/wp\/v2\/posts\/67702","targetHints":{"allow":["GET"]}}],"collection":[{"href":"https:\/\/jms.com.bo\/mediamonitor\/wp-json\/wp\/v2\/posts"}],"about":[{"href":"https:\/\/jms.com.bo\/mediamonitor\/wp-json\/wp\/v2\/types\/post"}],"author":[{"embeddable":true,"href":"https:\/\/jms.com.bo\/mediamonitor\/wp-json\/wp\/v2\/users\/4"}],"replies":[{"embeddable":true,"href":"https:\/\/jms.com.bo\/mediamonitor\/wp-json\/wp\/v2\/comments?post=67702"}],"version-history":[{"count":0,"href":"https:\/\/jms.com.bo\/mediamonitor\/wp-json\/wp\/v2\/posts\/67702\/revisions"}],"wp:featuredmedia":[{"embeddable":true,"href":"https:\/\/jms.com.bo\/mediamonitor\/wp-json\/wp\/v2\/media\/67703"}],"wp:attachment":[{"href":"https:\/\/jms.com.bo\/mediamonitor\/wp-json\/wp\/v2\/media?parent=67702"}],"wp:term":[{"taxonomy":"category","embeddable":true,"href":"https:\/\/jms.com.bo\/mediamonitor\/wp-json\/wp\/v2\/categories?post=67702"},{"taxonomy":"post_tag","embeddable":true,"href":"https:\/\/jms.com.bo\/mediamonitor\/wp-json\/wp\/v2\/tags?post=67702"}],"curies":[{"name":"wp","href":"https:\/\/api.w.org\/{rel}","templated":true}]}}