{"id":67707,"date":"2024-07-17T07:15:45","date_gmt":"2024-07-17T11:15:45","guid":{"rendered":"https:\/\/jms.com.bo\/mediamonitor\/2024\/07\/17\/autoridades-evaluan-si-se-amplia-la-vacacion-o-si-las-clases-arrancan-el-lunes\/"},"modified":"2024-07-17T07:15:45","modified_gmt":"2024-07-17T11:15:45","slug":"autoridades-evaluan-si-se-amplia-la-vacacion-o-si-las-clases-arrancan-el-lunes","status":"publish","type":"post","link":"https:\/\/jms.com.bo\/mediamonitor\/2024\/07\/17\/autoridades-evaluan-si-se-amplia-la-vacacion-o-si-las-clases-arrancan-el-lunes\/","title":{"rendered":"Autoridades eval\u00faan si se ampl\u00eda la vacaci\u00f3n o si las clases arrancan el lunes"},"content":{"rendered":"<p style=\"text-align: justify;\">El Gobierno eval\u00faa la posibilidad de ampliar una semana m\u00e1s el receso escolar de invierno, a ra\u00edz de la demanda de los padres de familia por lss bajas temperaturas en algunas regiones y un alto \u00edndice de infecciones respiratorias.<\/p>\n<p style=\"text-align: justify;\">Desde los Ministerios de Salud y de Educaci\u00f3n informaron que van a evaluar los pron\u00f3sticos de las temperaturas para la siguiente semana y el reporte epidemiol\u00f3gico.<\/p>\n<p style=\"text-align: justify;\">Tal como se\u00f1alaron la anterior semana, se espera que este mi\u00e9rcoles 17 de julio confirmen si los estudiantes retornan a las aulas el lunes 22 de julio o si se extiende el descanso pedag\u00f3gico.<\/p>\n","protected":false},"excerpt":{"rendered":"<p>El Gobierno eval\u00faa la posibilidad de ampliar una semana m\u00e1s el receso escolar de invierno, a ra\u00edz de la demanda de los padres de familia por lss bajas temperaturas en algunas regiones y un alto \u00edndice de infecciones respiratorias. Desde los Ministerios de Salud y de Educaci\u00f3n informaron que van a evaluar los pron\u00f3sticos de [&hellip;]<\/p>\n","protected":false},"author":4,"featured_media":67708,"comment_status":"open","ping_status":"closed","sticky":false,"template":"","format":"standard","meta":{"footnotes":""},"categories":[20],"tags":[],"class_list":{"0":"post-67707","1":"post","2":"type-post","3":"status-publish","4":"format-standard","5":"has-post-thumbnail","7":"category-actualidad"},"_links":{"self":[{"href":"https:\/\/jms.com.bo\/mediamonitor\/wp-json\/wp\/v2\/posts\/67707","targetHints":{"allow":["GET"]}}],"collection":[{"href":"https:\/\/jms.com.bo\/mediamonitor\/wp-json\/wp\/v2\/posts"}],"about":[{"href":"https:\/\/jms.com.bo\/mediamonitor\/wp-json\/wp\/v2\/types\/post"}],"author":[{"embeddable":true,"href":"https:\/\/jms.com.bo\/mediamonitor\/wp-json\/wp\/v2\/users\/4"}],"replies":[{"embeddable":true,"href":"https:\/\/jms.com.bo\/mediamonitor\/wp-json\/wp\/v2\/comments?post=67707"}],"version-history":[{"count":0,"href":"https:\/\/jms.com.bo\/mediamonitor\/wp-json\/wp\/v2\/posts\/67707\/revisions"}],"wp:featuredmedia":[{"embeddable":true,"href":"https:\/\/jms.com.bo\/mediamonitor\/wp-json\/wp\/v2\/media\/67708"}],"wp:attachment":[{"href":"https:\/\/jms.com.bo\/mediamonitor\/wp-json\/wp\/v2\/media?parent=67707"}],"wp:term":[{"taxonomy":"category","embeddable":true,"href":"https:\/\/jms.com.bo\/mediamonitor\/wp-json\/wp\/v2\/categories?post=67707"},{"taxonomy":"post_tag","embeddable":true,"href":"https:\/\/jms.com.bo\/mediamonitor\/wp-json\/wp\/v2\/tags?post=67707"}],"curies":[{"name":"wp","href":"https:\/\/api.w.org\/{rel}","templated":true}]}}