{"id":67711,"date":"2024-07-17T07:18:33","date_gmt":"2024-07-17T11:18:33","guid":{"rendered":"https:\/\/jms.com.bo\/mediamonitor\/2024\/07\/17\/la-sequia-heladas-y-granizadas-golpean-al-pais-hay-27-municipios-en-emergencia\/"},"modified":"2024-07-17T07:18:33","modified_gmt":"2024-07-17T11:18:33","slug":"la-sequia-heladas-y-granizadas-golpean-al-pais-hay-27-municipios-en-emergencia","status":"publish","type":"post","link":"https:\/\/jms.com.bo\/mediamonitor\/2024\/07\/17\/la-sequia-heladas-y-granizadas-golpean-al-pais-hay-27-municipios-en-emergencia\/","title":{"rendered":"La sequ\u00eda, heladas y granizadas golpean al pa\u00eds; hay 27 municipios en emergencia"},"content":{"rendered":"<p style=\"text-align: justify;\">Las heladas y granizadas afectan a siete departamentos del pa\u00eds, en tanto que los efectos de la sequ\u00eda se sienten en todos, de acuerdo con el Viceministerio de Defensa Civil.<\/p>\n<p style=\"text-align: justify;\">Seg\u00fan un informe de ese viceministerio, hasta el momento, existen 8.595 familias damnificadas por la sequ\u00eda en 364 comunidades y 17.776 por las heladas y granizadas, sumando 26.371 en todo el pa\u00eds. Son 27 municipios en estado de emergencia o desastre por la falta de lluvias.<\/p>\n<p style=\"text-align: justify;\">El viceministro Juan Carlos Calvimontes explic\u00f3 que el periodo de heladas y granizadas afecta a La Paz, Cochabamba, Oruro, Potos\u00ed, Santa Cruz, Tarija y Chuquisaca.<\/p>\n<p style=\"text-align: justify;\">Se trata de fen\u00f3menos extremos debido a los efectos del cambio clim\u00e1tico y al fen\u00f3meno de la Ni\u00f1a, explic\u00f3 el coordinador del Programa Metropolitano de la Fundaci\u00f3n Agrecol Andes, Alberto C\u00e1rdenas.<\/p>\n<p style=\"text-align: justify;\">Lament\u00f3 que los m\u00e1s afectados son los productores comunitarios, quienes, adem\u00e1s, no cuentan con ning\u00fan seguro que cubra los da\u00f1os. \u201cEsto definitivamente afectar\u00e1 en la disminuci\u00f3n de los alimentos\u201d, sostuvo.<\/p>\n<p style=\"text-align: justify;\">Explic\u00f3 que la situaci\u00f3n se agrava por la deforestaci\u00f3n y por la contaminaci\u00f3n de r\u00edos.<\/p>\n<p style=\"text-align: justify;\">En Potos\u00ed, los comunarios de Quetena Chico se\u00f1alaron que se registraron temperaturas de 20 grados bajo cero,<\/p>\n<p style=\"text-align: justify;\">El cacique de la comunidad, Pedro Rojas, report\u00f3 a Unitel que las cr\u00edas del ganado mueren congeladas. Estim\u00f3 que perdieron unas 200 llamas.<\/p>\n<p style=\"text-align: justify;\">Adem\u00e1s, los vientos fuertes impiden que las llamas se alimentan y los caminos quedaron enterrados por la arena.<\/p>\n<p style=\"text-align: justify;\">Otros lugares<\/p>\n<p style=\"text-align: justify;\">En Tarija tambi\u00e9n se reportaron da\u00f1os por las heladas de los \u00faltimos d\u00edas. El dirigente campesino de la provincia Cercado, Rivelino Zenteno, report\u00f3 que, en provincias donde no se sol\u00edan registrar estos fen\u00f3menos, se han producido heladas inesperadas que han causado p\u00e9rdidas significativas en los cultivos de tomate, arveja y papa.<\/p>\n<p style=\"text-align: justify;\">En Chuquisaca, en Azurduy y Tarvita y Padilla se presentaron da\u00f1os en los cultivos de papa, yuca, ca\u00f1a, naranja, mandarina y perjuicios al sector ap\u00edcola. Por ahora, ninguno de los tres municipios emiti\u00f3 una declaratoria de desastre, pero la Gobernaci\u00f3n anunci\u00f3 trabajos para cuantificar los da\u00f1os y brindar atenci\u00f3n a las familias damnificadas.<\/p>\n<p style=\"text-align: justify;\">En Santa Cruz, las heladas afectaron los valles y da\u00f1aron los cultivos de fruta, hortalizas, papa y otros.<\/p>\n<p style=\"text-align: justify;\">Familias afectadas<\/p>\n<p style=\"text-align: justify;\">Se registran 8.595 familias damnificadas por sequ\u00eda y 17.776 por heladas y granizadas, sumando 26.371 en todo el pa\u00eds.<\/p>\n<p style=\"text-align: justify;\">La sequ\u00eda afecta a m\u00e1s de 8.550 familias en 364 comunidades. Hasta la fecha, 27 municipios se han declarado en emergencia o desastre debido a la falta de lluvias.<\/p>\n<p style=\"text-align: justify;\">Son 13 los municipios que se han declarado en desastre municipal por sequ\u00eda y 12 en emergencia, haciendo un total de 27 municipios afectados en Bolivia.<\/p>\n<p style=\"text-align: justify;\">Las hortalizas y la papa son los cultivos m\u00e1s afectados por el fen\u00f3meno clim\u00e1tico.<\/p>\n","protected":false},"excerpt":{"rendered":"<p>Las heladas y granizadas afectan a siete departamentos del pa\u00eds, en tanto que los efectos de la sequ\u00eda se sienten en todos, de acuerdo con el Viceministerio de Defensa Civil. Seg\u00fan un informe de ese viceministerio, hasta el momento, existen 8.595 familias damnificadas por la sequ\u00eda en 364 comunidades y 17.776 por las heladas y [&hellip;]<\/p>\n","protected":false},"author":4,"featured_media":67712,"comment_status":"open","ping_status":"closed","sticky":false,"template":"","format":"standard","meta":{"footnotes":""},"categories":[20,47,48],"tags":[],"class_list":{"0":"post-67711","1":"post","2":"type-post","3":"status-publish","4":"format-standard","5":"has-post-thumbnail","7":"category-actualidad","8":"category-portada-actualidad","9":"category-portada-general-sitio"},"_links":{"self":[{"href":"https:\/\/jms.com.bo\/mediamonitor\/wp-json\/wp\/v2\/posts\/67711","targetHints":{"allow":["GET"]}}],"collection":[{"href":"https:\/\/jms.com.bo\/mediamonitor\/wp-json\/wp\/v2\/posts"}],"about":[{"href":"https:\/\/jms.com.bo\/mediamonitor\/wp-json\/wp\/v2\/types\/post"}],"author":[{"embeddable":true,"href":"https:\/\/jms.com.bo\/mediamonitor\/wp-json\/wp\/v2\/users\/4"}],"replies":[{"embeddable":true,"href":"https:\/\/jms.com.bo\/mediamonitor\/wp-json\/wp\/v2\/comments?post=67711"}],"version-history":[{"count":0,"href":"https:\/\/jms.com.bo\/mediamonitor\/wp-json\/wp\/v2\/posts\/67711\/revisions"}],"wp:featuredmedia":[{"embeddable":true,"href":"https:\/\/jms.com.bo\/mediamonitor\/wp-json\/wp\/v2\/media\/67712"}],"wp:attachment":[{"href":"https:\/\/jms.com.bo\/mediamonitor\/wp-json\/wp\/v2\/media?parent=67711"}],"wp:term":[{"taxonomy":"category","embeddable":true,"href":"https:\/\/jms.com.bo\/mediamonitor\/wp-json\/wp\/v2\/categories?post=67711"},{"taxonomy":"post_tag","embeddable":true,"href":"https:\/\/jms.com.bo\/mediamonitor\/wp-json\/wp\/v2\/tags?post=67711"}],"curies":[{"name":"wp","href":"https:\/\/api.w.org\/{rel}","templated":true}]}}