{"id":67713,"date":"2024-07-17T07:20:09","date_gmt":"2024-07-17T11:20:09","guid":{"rendered":"https:\/\/jms.com.bo\/mediamonitor\/2024\/07\/17\/caso-decreto-suspenden-por-cuarta-vez-el-inicio-del-juicio-contra-luis-fernando-camacho\/"},"modified":"2024-07-17T07:20:09","modified_gmt":"2024-07-17T11:20:09","slug":"caso-decreto-suspenden-por-cuarta-vez-el-inicio-del-juicio-contra-luis-fernando-camacho","status":"publish","type":"post","link":"https:\/\/jms.com.bo\/mediamonitor\/2024\/07\/17\/caso-decreto-suspenden-por-cuarta-vez-el-inicio-del-juicio-contra-luis-fernando-camacho\/","title":{"rendered":"Caso decreto: Suspenden por cuarta vez el inicio del juicio contra Luis Fernando Camacho"},"content":{"rendered":"<p style=\"text-align: justify;\">El gobernador de Santa Cruz, Luis Fernando Camacho, no fue trasladado desde Chonchocoro a la capital cruce\u00f1a, para el inicio del juicio oral por el caso decreto 373 por lo que este acto, previsto para este martes 16 de julio, fue suspendido.<\/p>\n<p style=\"text-align: justify;\">Camacho es el principal acusado en este proceso y es por ello que se emiti\u00f3 una orden judicial para que se efectivice su traslado y se permita que asista de manera presencial para defenderse, lo que no sucedi\u00f3.<\/p>\n<p style=\"text-align: justify;\">Esta es la cuarta vez que el inicio del juicio contra Camacho es suspendido. La nueva fecha para la realizaci\u00f3n de este acto procesal es el 16 de septiembre.<\/p>\n<p style=\"text-align: justify;\">Ante ello su familia denuncia que hay un incumplimiento de deberes por parte de las autoridades de Gobierno que deben responder por el incumplimiento a la orden judicial.<\/p>\n<p style=\"text-align: justify;\">\u201dNo se est\u00e1 cumpliendo una resoluci\u00f3n del tribunal para juzgar a Luis Fernando Camacho por un supuesto il\u00edcito que corresponde en su gesti\u00f3n como gobernador. El no cumplir con esa resoluci\u00f3n (de traslado) es un delito\u201d, dijo Jos\u00e9 Luis Camacho, padre del gobernador cruce\u00f1o.<\/p>\n<p style=\"text-align: justify;\">Inicialmente este juicio estaba previsto que se inicie el 24 de marzo; sin embargo, Camacho no fue trasladado y se posterg\u00f3 para el 11 de abril y se volvi\u00f3 a replicar la situaci\u00f3n d\u00e1ndose una nueva fecha: 27 de mayo, pero tampoco se llev\u00f3 adelante.<\/p>\n","protected":false},"excerpt":{"rendered":"<p>El gobernador de Santa Cruz, Luis Fernando Camacho, no fue trasladado desde Chonchocoro a la capital cruce\u00f1a, para el inicio del juicio oral por el caso decreto 373 por lo que este acto, previsto para este martes 16 de julio, fue suspendido. Camacho es el principal acusado en este proceso y es por ello que [&hellip;]<\/p>\n","protected":false},"author":4,"featured_media":67714,"comment_status":"open","ping_status":"closed","sticky":false,"template":"","format":"standard","meta":{"footnotes":""},"categories":[18],"tags":[],"class_list":{"0":"post-67713","1":"post","2":"type-post","3":"status-publish","4":"format-standard","5":"has-post-thumbnail","7":"category-politica"},"_links":{"self":[{"href":"https:\/\/jms.com.bo\/mediamonitor\/wp-json\/wp\/v2\/posts\/67713","targetHints":{"allow":["GET"]}}],"collection":[{"href":"https:\/\/jms.com.bo\/mediamonitor\/wp-json\/wp\/v2\/posts"}],"about":[{"href":"https:\/\/jms.com.bo\/mediamonitor\/wp-json\/wp\/v2\/types\/post"}],"author":[{"embeddable":true,"href":"https:\/\/jms.com.bo\/mediamonitor\/wp-json\/wp\/v2\/users\/4"}],"replies":[{"embeddable":true,"href":"https:\/\/jms.com.bo\/mediamonitor\/wp-json\/wp\/v2\/comments?post=67713"}],"version-history":[{"count":0,"href":"https:\/\/jms.com.bo\/mediamonitor\/wp-json\/wp\/v2\/posts\/67713\/revisions"}],"wp:featuredmedia":[{"embeddable":true,"href":"https:\/\/jms.com.bo\/mediamonitor\/wp-json\/wp\/v2\/media\/67714"}],"wp:attachment":[{"href":"https:\/\/jms.com.bo\/mediamonitor\/wp-json\/wp\/v2\/media?parent=67713"}],"wp:term":[{"taxonomy":"category","embeddable":true,"href":"https:\/\/jms.com.bo\/mediamonitor\/wp-json\/wp\/v2\/categories?post=67713"},{"taxonomy":"post_tag","embeddable":true,"href":"https:\/\/jms.com.bo\/mediamonitor\/wp-json\/wp\/v2\/tags?post=67713"}],"curies":[{"name":"wp","href":"https:\/\/api.w.org\/{rel}","templated":true}]}}