{"id":67717,"date":"2024-07-17T07:23:29","date_gmt":"2024-07-17T11:23:29","guid":{"rendered":"https:\/\/jms.com.bo\/mediamonitor\/2024\/07\/17\/judiciales-tsj-pide-a-la-alp-zanjar-diferencias-politicas\/"},"modified":"2024-07-17T07:23:29","modified_gmt":"2024-07-17T11:23:29","slug":"judiciales-tsj-pide-a-la-alp-zanjar-diferencias-politicas","status":"publish","type":"post","link":"https:\/\/jms.com.bo\/mediamonitor\/2024\/07\/17\/judiciales-tsj-pide-a-la-alp-zanjar-diferencias-politicas\/","title":{"rendered":"Judiciales: TSJ pide a la ALP zanjar \u2018diferencias pol\u00edticas\u2019"},"content":{"rendered":"<p style=\"text-align: justify;\">Los magistrados del Tribunal Supremo de Justicia (TSJ) defienden la continuidad de sus funciones producto de la Declaraci\u00f3n Constitucional 049\/2023, que prolong\u00f3 su mandato m\u00e1s all\u00e1 de los seis a\u00f1os establecidos por la Constituci\u00f3n Pol\u00edtica del Estado. Su argumento es que de esa manera se permiti\u00f3 seguir despachando causas sin que estas queden paralizadas.<\/p>\n<p style=\"text-align: justify;\">Este martes 16 de julio, la Corte Suprema de Justicia, hoy TSJ, conmemor\u00f3 su aniversario 197 en un acto en Sucre en el que estuvieron presentes sus m\u00e1ximas autoridades. El presidente del m\u00e1ximo tribunal de justicia del pa\u00eds, Marco Ernesto Jaimes, destac\u00f3 la trayectoria de esta instituci\u00f3n, que en 1827 precedi\u00f3 a la Real Audiencia de Charcas.<\/p>\n<p style=\"text-align: justify;\">\u201cGracias a la continuidad de funciones el TSJ contin\u00faa prestando servicios a la ciudadan\u00eda con una \u00f3ptima capacidad resolutiva de causas. Vamos actualizando permanentemente las causas de Sala Plena y salas especializadas para brindar el acceso a la justicia y la soluci\u00f3n de los conflictos entre particulares y entre particulares y el Estado que se presentan en los diferentes procesos que conoce este tribunal\u201d, dijo luego del acto central.<\/p>\n<p style=\"text-align: justify;\">Recalc\u00f3 que la labor de los altos tribunales judiciales permite otorgar seguridad jur\u00eddica a la ciudadan\u00eda.<\/p>\n<p style=\"text-align: justify;\">ELECCIONES<\/p>\n<p style=\"text-align: justify;\">Seg\u00fan la autoridad del TSJ, para este alto tribunal es \u201cfundamental\u201d que haya comicios judiciales para contar con nuevas autoridades con \u201cla misma legitimidad\u201d que la que tienen los actuales magistrados, por lo que \u201cvenimos aguardando que (las elecciones) sean resueltas por el \u00d3rgano Legislativo\u201d.<\/p>\n<p style=\"text-align: justify;\">\u201cDe momento nos encontramos cumpliendo el mandato de una resoluci\u00f3n constitucional (04972023) de continuidad de funciones, precisamente, en funci\u00f3n de que este servicio no pueda ser interrumpido de ninguna manera\u201d, remarc\u00f3.<\/p>\n<p style=\"text-align: justify;\">POSTURAS POL\u00cdTICAS<\/p>\n<p style=\"text-align: justify;\">Al ser consultado sobre el reciente fracaso de la reuni\u00f3n legislativa entre las bancadas con representaci\u00f3n parlamentaria en la Asamblea Legislativa para garantizar las judiciales este a\u00f1o, Jaimes respondi\u00f3 que el \u00d3rgano Judicial espera que \u201cestas diferencias pol\u00edticas en el Legislativo finalmente se resuelvan para beneficio de los bolivianos\u201d.<\/p>\n<p style=\"text-align: justify;\">\u201cComprendemos que hay posturas e intereses pol\u00edticos sobre los cuales no queremos pronunciarnos.<\/p>\n<p style=\"text-align: justify;\">Lo fundamental para nosotros es la demostraci\u00f3n de que la continuidad de funciones permite brindar un servicio efectivo y eficaz a la poblaci\u00f3n\u201d, agreg\u00f3.<\/p>\n<p style=\"text-align: justify;\">EXHORTACI\u00d3N<\/p>\n<p style=\"text-align: justify;\">La ministra de la Presidencia, Mar\u00eda Nela Prada, exhort\u00f3 a senadores y diputados a seguir dialogando para llegar a un acuerdo que permita viabilizar la preselecci\u00f3n de candidatos rumbo a las elecciones judiciales en Bolivia.<\/p>\n<p style=\"text-align: justify;\">\n","protected":false},"excerpt":{"rendered":"<p>Los magistrados del Tribunal Supremo de Justicia (TSJ) defienden la continuidad de sus funciones producto de la Declaraci\u00f3n Constitucional 049\/2023, que prolong\u00f3 su mandato m\u00e1s all\u00e1 de los seis a\u00f1os establecidos por la Constituci\u00f3n Pol\u00edtica del Estado. Su argumento es que de esa manera se permiti\u00f3 seguir despachando causas sin que estas queden paralizadas. Este [&hellip;]<\/p>\n","protected":false},"author":4,"featured_media":67718,"comment_status":"open","ping_status":"closed","sticky":false,"template":"","format":"standard","meta":{"footnotes":""},"categories":[18,48,46],"tags":[],"class_list":{"0":"post-67717","1":"post","2":"type-post","3":"status-publish","4":"format-standard","5":"has-post-thumbnail","7":"category-politica","8":"category-portada-general-sitio","9":"category-portada-politica"},"_links":{"self":[{"href":"https:\/\/jms.com.bo\/mediamonitor\/wp-json\/wp\/v2\/posts\/67717","targetHints":{"allow":["GET"]}}],"collection":[{"href":"https:\/\/jms.com.bo\/mediamonitor\/wp-json\/wp\/v2\/posts"}],"about":[{"href":"https:\/\/jms.com.bo\/mediamonitor\/wp-json\/wp\/v2\/types\/post"}],"author":[{"embeddable":true,"href":"https:\/\/jms.com.bo\/mediamonitor\/wp-json\/wp\/v2\/users\/4"}],"replies":[{"embeddable":true,"href":"https:\/\/jms.com.bo\/mediamonitor\/wp-json\/wp\/v2\/comments?post=67717"}],"version-history":[{"count":0,"href":"https:\/\/jms.com.bo\/mediamonitor\/wp-json\/wp\/v2\/posts\/67717\/revisions"}],"wp:featuredmedia":[{"embeddable":true,"href":"https:\/\/jms.com.bo\/mediamonitor\/wp-json\/wp\/v2\/media\/67718"}],"wp:attachment":[{"href":"https:\/\/jms.com.bo\/mediamonitor\/wp-json\/wp\/v2\/media?parent=67717"}],"wp:term":[{"taxonomy":"category","embeddable":true,"href":"https:\/\/jms.com.bo\/mediamonitor\/wp-json\/wp\/v2\/categories?post=67717"},{"taxonomy":"post_tag","embeddable":true,"href":"https:\/\/jms.com.bo\/mediamonitor\/wp-json\/wp\/v2\/tags?post=67717"}],"curies":[{"name":"wp","href":"https:\/\/api.w.org\/{rel}","templated":true}]}}