{"id":67723,"date":"2024-07-17T07:28:33","date_gmt":"2024-07-17T11:28:33","guid":{"rendered":"https:\/\/jms.com.bo\/mediamonitor\/2024\/07\/17\/empresarios-siguen-dependiendo-del-dolar-para-sus-importaciones\/"},"modified":"2024-07-17T07:28:33","modified_gmt":"2024-07-17T11:28:33","slug":"empresarios-siguen-dependiendo-del-dolar-para-sus-importaciones","status":"publish","type":"post","link":"https:\/\/jms.com.bo\/mediamonitor\/2024\/07\/17\/empresarios-siguen-dependiendo-del-dolar-para-sus-importaciones\/","title":{"rendered":"Empresarios siguen dependiendo del d\u00f3lar para sus importaciones"},"content":{"rendered":"<p style=\"text-align: justify;\">\u201cNada aqu\u00ed es con d\u00f3lar\u201d, fueron las palabras de la diputada arcista del MAS, Gloria Callisaya, a tiempo de se\u00f1alar que la divisa norteamericana debe ser olvidada y dar mayor valor a la moneda boliviana. Sin embargo, la otra cara de la moneda da cuenta que no solo los empresarios privados realizan sus operaciones comerciales con d\u00f3lares, sino que para el mismo Gobierno tambi\u00e9n es una prioridad, m\u00e1s a\u00fan, cuando el 75% de las operaciones a nivel mundial se las realiza con la divisa estadounidense.<\/p>\n<p style=\"text-align: justify;\">Cabe recordar que el pasado viernes, la diputada Callisaya hab\u00eda se\u00f1alado que las personas no compran pan, papa u otros implementos con la divisa norteamericana. \u201cNada aqu\u00ed es con d\u00f3lar. M\u00e1s bien de los yanquis hay que olvidar ese dinero, como en todo, en todos los pa\u00edses indican y valorizan su plata, como en China sus yuanes\u201d, indic\u00f3.<\/p>\n<p style=\"text-align: justify;\">Las operaciones<\/p>\n<p style=\"text-align: justify;\">El presidente de la Federaci\u00f3n de Empresarios Privados de Tarija (FEPT), Ren\u00e9 Segovia, puntualiz\u00f3 que la mayor\u00eda de la producci\u00f3n nacional necesita insumos y maquinaria que son importados desde otros pa\u00edses, por lo que necesariamente se necesita la divisa americana para realizar las transacciones.<\/p>\n<p style=\"text-align: justify;\">Sobre este tema, El Pa\u00eds tambi\u00e9n intent\u00f3 dialogar con directivos de la C\u00e1mara de Industria, Comercio, Exportaciones, Promoci\u00f3n de Inversiones, Servicios y Turismo de Tarija (Caincotar), sin embargo, evitaron dar una entrevista, tildando de \u201cdesacertadas\u201d las declaraciones de la autoridad legislativa nacional.<\/p>\n<p style=\"text-align: justify;\">El titular de la FEPT sin entrar en pol\u00e9mica, ha expresado su preocupaci\u00f3n por lo que sucede con la econom\u00eda nacional, detall\u00f3 que en este \u00faltimo semestre han podido evidenciar que las importaciones han disminuido un 30%, y un rango similar sucede con las exportaciones.<\/p>\n<p style=\"text-align: justify;\">\u201cLa escasez de d\u00f3lares es preocupante. En el caso de Bolivia, la tendencia es a bajar, porque sin insumos, la producci\u00f3n es menor, y sin maquinaria tampoco se puede producir, entonces, ir\u00e1 bajando de a poco nuestra econom\u00eda y eso es evidente, no estamos aislados del mundo, y para que nuestro comercio siga funcionando necesitamos de la divisa americana\u201d, apunt\u00f3.<\/p>\n<p style=\"text-align: justify;\">Si bien en la segunda mitad de febrero, el Gobierno y empresarios privados firmaron un acuerdo de 10 puntos para normalizar la circulaci\u00f3n de d\u00f3lares e impulsar al sector productivo, Segovia argument\u00f3, que aunque se haya establecido un 10% de comisi\u00f3n para las transferencias bancarias al exterior, el problema con el que tropezaron es que los bancos no cuentan con d\u00f3lares.<\/p>\n<p style=\"text-align: justify;\">\u201cLa divisa que sale de los bancos es muy escasa, se est\u00e1 mandando en poca cantidad, no abastece, y la espera es de 30 d\u00edas para poder hacer giros, que ni siquiera son significativos. Entonces, est\u00e1 faltando divisas, los bancos no tienen, y el Gobierno tiene que hacer algo para que esto mejore\u201d, apunt\u00f3.<\/p>\n<p style=\"text-align: justify;\">El representante de los empresarios en Tarija confirm\u00f3 que la \u00fanica manera de poder efectuar movimientos con la divisa americana, es esperar la disponibilidad de las entidades financieras, para reci\u00e9n proceder con el pago de las importaciones y otras actividades comerciales.<\/p>\n","protected":false},"excerpt":{"rendered":"<p>\u201cNada aqu\u00ed es con d\u00f3lar\u201d, fueron las palabras de la diputada arcista del MAS, Gloria Callisaya, a tiempo de se\u00f1alar que la divisa norteamericana debe ser olvidada y dar mayor valor a la moneda boliviana. Sin embargo, la otra cara de la moneda da cuenta que no solo los empresarios privados realizan sus operaciones comerciales [&hellip;]<\/p>\n","protected":false},"author":4,"featured_media":67724,"comment_status":"open","ping_status":"closed","sticky":false,"template":"","format":"standard","meta":{"footnotes":""},"categories":[25],"tags":[],"class_list":{"0":"post-67723","1":"post","2":"type-post","3":"status-publish","4":"format-standard","5":"has-post-thumbnail","7":"category-economia"},"_links":{"self":[{"href":"https:\/\/jms.com.bo\/mediamonitor\/wp-json\/wp\/v2\/posts\/67723","targetHints":{"allow":["GET"]}}],"collection":[{"href":"https:\/\/jms.com.bo\/mediamonitor\/wp-json\/wp\/v2\/posts"}],"about":[{"href":"https:\/\/jms.com.bo\/mediamonitor\/wp-json\/wp\/v2\/types\/post"}],"author":[{"embeddable":true,"href":"https:\/\/jms.com.bo\/mediamonitor\/wp-json\/wp\/v2\/users\/4"}],"replies":[{"embeddable":true,"href":"https:\/\/jms.com.bo\/mediamonitor\/wp-json\/wp\/v2\/comments?post=67723"}],"version-history":[{"count":0,"href":"https:\/\/jms.com.bo\/mediamonitor\/wp-json\/wp\/v2\/posts\/67723\/revisions"}],"wp:featuredmedia":[{"embeddable":true,"href":"https:\/\/jms.com.bo\/mediamonitor\/wp-json\/wp\/v2\/media\/67724"}],"wp:attachment":[{"href":"https:\/\/jms.com.bo\/mediamonitor\/wp-json\/wp\/v2\/media?parent=67723"}],"wp:term":[{"taxonomy":"category","embeddable":true,"href":"https:\/\/jms.com.bo\/mediamonitor\/wp-json\/wp\/v2\/categories?post=67723"},{"taxonomy":"post_tag","embeddable":true,"href":"https:\/\/jms.com.bo\/mediamonitor\/wp-json\/wp\/v2\/tags?post=67723"}],"curies":[{"name":"wp","href":"https:\/\/api.w.org\/{rel}","templated":true}]}}