{"id":67725,"date":"2024-07-17T07:30:01","date_gmt":"2024-07-17T11:30:01","guid":{"rendered":"https:\/\/jms.com.bo\/mediamonitor\/2024\/07\/17\/arce-afirma-que-la-economia-esta-en-proceso-de-recuperacion-con-el-hallazgo-del-mayaya\/"},"modified":"2024-07-17T07:30:01","modified_gmt":"2024-07-17T11:30:01","slug":"arce-afirma-que-la-economia-esta-en-proceso-de-recuperacion-con-el-hallazgo-del-mayaya","status":"publish","type":"post","link":"https:\/\/jms.com.bo\/mediamonitor\/2024\/07\/17\/arce-afirma-que-la-economia-esta-en-proceso-de-recuperacion-con-el-hallazgo-del-mayaya\/","title":{"rendered":"Arce afirma que la econom\u00eda est\u00e1 en \u2018proceso de recuperaci\u00f3n\u2019 con el hallazgo del Mayaya"},"content":{"rendered":"<p style=\"text-align: justify;\">Con el hallazgo del megacampo Mayaya, que cuenta con un potencial de 1,7 Trillones de Pies C\u00fabicos (TCF por su sigla en ingl\u00e9s), el presidente Luis Arce afirm\u00f3 este martes que la econom\u00eda del pa\u00eds est\u00e1 en proceso de recuperaci\u00f3n.<\/p>\n<p style=\"text-align: justify;\">\u201cEste campo (Mayaya) reaviva nuevamente el esp\u00edritu en todo el pa\u00eds de que la econom\u00eda est\u00e1 en franco proceso de recuperaci\u00f3n. 1,7 TCF no lo hace un campo peque\u00f1o, es desde 2005 el descubrimiento m\u00e1s grande que estamos haciendo\u201d, expres\u00f3 el mandatario en la entrega de redes de gas domiciliario en La Paz.<\/p>\n<p style=\"text-align: justify;\">Arce Indic\u00f3 que la recuperaci\u00f3n de la econom\u00eda estar\u00e1 acompa\u00f1ada con un plan estrat\u00e9gico para la inversi\u00f3n de los recursos que se obtengan con la explotaci\u00f3n del pozo Mayaya Centro-X1.<\/p>\n<p style=\"text-align: justify;\">\u201cAhora que vamos a recuperar esa econom\u00eda, vamos a tener que hacer un plan estrat\u00e9gico para invertir bien toda es plata que vamos a generar, esta vez no nos tenemos que equivocar, esta vez tenemos que invertir adecuadamente todos esos recursos que vamos a generar de este pozo para beneficiar a la poblaci\u00f3n adecuadamente\u201d, explic\u00f3.<\/p>\n<p style=\"text-align: justify;\">El descubrimiento de las nuevas reservas gas\u00edferas y petroleras despeja las dudas de que no se realizaron inversiones en este campo y que muestran que Bolivia continuar\u00e1 por mucho tiempo m\u00e1s siendo un pa\u00eds con reservas de gas.<\/p>\n<p style=\"text-align: justify;\">Producci\u00f3n<\/p>\n<p style=\"text-align: justify;\">Record\u00f3 que durante varios a\u00f1os en la anterior gesti\u00f3n de gobierno no se realizaron inversiones en el tema de hidrocarburos que deriv\u00f3 en la reducci\u00f3n en la producci\u00f3n de gas que en 2014 lleg\u00f3 cerca de los 60 millones de metros c\u00fabicos d\u00eda (MMm3d) y actualmente est\u00e1 por debajo de los 40 MMm3d.<\/p>\n<p style=\"text-align: justify;\">De acuerdo con Yacimientos Petrol\u00edferos Fiscales Bolivianos (YPFB), el descubrimiento del Mayaya Centro-X1 es un logro del actual Gobierno que, a diferencia de otros gobiernos, optimiz\u00f3 recursos de $us 500 millones a $us 50 millones para su exploraci\u00f3n.<\/p>\n<p style=\"text-align: justify;\">Adem\u00e1s, indic\u00f3 que este hallazgo pone a La Paz como el quinto productor de hidrocarburos y con ello pueda recuperar la hegemon\u00eda econ\u00f3mica que se ten\u00eda.<\/p>\n<p style=\"text-align: justify;\">\u201cCon este megacampo La Paz va a ir recuperando esa hegemon\u00eda econ\u00f3mica que nos faltaba, estamos desarrollando el agro en el norte pace\u00f1o, estamos viendo producci\u00f3n de soya, ma\u00edz en grandes cantidades en la provincia Abel Iturralde, inclusive en Apolo, en la provincia Franz Tamayo\u201d, dijo.<\/p>\n<p style=\"text-align: justify;\">Arce agradeci\u00f3 a la Pachamama (madre tierra en aimara) porque ayud\u00f3 a encontrar el campo Mayaya en el departamento de La Paz.<\/p>\n","protected":false},"excerpt":{"rendered":"<p>Con el hallazgo del megacampo Mayaya, que cuenta con un potencial de 1,7 Trillones de Pies C\u00fabicos (TCF por su sigla en ingl\u00e9s), el presidente Luis Arce afirm\u00f3 este martes que la econom\u00eda del pa\u00eds est\u00e1 en proceso de recuperaci\u00f3n. \u201cEste campo (Mayaya) reaviva nuevamente el esp\u00edritu en todo el pa\u00eds de que la econom\u00eda [&hellip;]<\/p>\n","protected":false},"author":4,"featured_media":67726,"comment_status":"open","ping_status":"closed","sticky":false,"template":"","format":"standard","meta":{"footnotes":""},"categories":[25,45,48],"tags":[],"class_list":{"0":"post-67725","1":"post","2":"type-post","3":"status-publish","4":"format-standard","5":"has-post-thumbnail","7":"category-economia","8":"category-portada-economia","9":"category-portada-general-sitio"},"_links":{"self":[{"href":"https:\/\/jms.com.bo\/mediamonitor\/wp-json\/wp\/v2\/posts\/67725","targetHints":{"allow":["GET"]}}],"collection":[{"href":"https:\/\/jms.com.bo\/mediamonitor\/wp-json\/wp\/v2\/posts"}],"about":[{"href":"https:\/\/jms.com.bo\/mediamonitor\/wp-json\/wp\/v2\/types\/post"}],"author":[{"embeddable":true,"href":"https:\/\/jms.com.bo\/mediamonitor\/wp-json\/wp\/v2\/users\/4"}],"replies":[{"embeddable":true,"href":"https:\/\/jms.com.bo\/mediamonitor\/wp-json\/wp\/v2\/comments?post=67725"}],"version-history":[{"count":0,"href":"https:\/\/jms.com.bo\/mediamonitor\/wp-json\/wp\/v2\/posts\/67725\/revisions"}],"wp:featuredmedia":[{"embeddable":true,"href":"https:\/\/jms.com.bo\/mediamonitor\/wp-json\/wp\/v2\/media\/67726"}],"wp:attachment":[{"href":"https:\/\/jms.com.bo\/mediamonitor\/wp-json\/wp\/v2\/media?parent=67725"}],"wp:term":[{"taxonomy":"category","embeddable":true,"href":"https:\/\/jms.com.bo\/mediamonitor\/wp-json\/wp\/v2\/categories?post=67725"},{"taxonomy":"post_tag","embeddable":true,"href":"https:\/\/jms.com.bo\/mediamonitor\/wp-json\/wp\/v2\/tags?post=67725"}],"curies":[{"name":"wp","href":"https:\/\/api.w.org\/{rel}","templated":true}]}}