{"id":67732,"date":"2024-07-17T07:36:00","date_gmt":"2024-07-17T11:36:00","guid":{"rendered":"https:\/\/jms.com.bo\/mediamonitor\/2024\/07\/17\/debido-a-una-sobrecarga-de-energia-electrica-terminal-de-buses-la-paz-opera-con-un-75-de-conexion\/"},"modified":"2024-07-17T07:36:00","modified_gmt":"2024-07-17T11:36:00","slug":"debido-a-una-sobrecarga-de-energia-electrica-terminal-de-buses-la-paz-opera-con-un-75-de-conexion","status":"publish","type":"post","link":"https:\/\/jms.com.bo\/mediamonitor\/2024\/07\/17\/debido-a-una-sobrecarga-de-energia-electrica-terminal-de-buses-la-paz-opera-con-un-75-de-conexion\/","title":{"rendered":"Debido a una sobrecarga de energ\u00eda el\u00e9ctrica, Terminal de Buses La Paz opera con un 75% de conexi\u00f3n"},"content":{"rendered":"<p style=\"text-align: justify;\">La Terminal de Buses La Paz sufri\u00f3 este martes una sobrecarga de energ\u00eda el\u00e9ctrica que oblig\u00f3 a la administraci\u00f3n de la entidad a habilitar circuitos que permitan operar con un 75% de capacidad de luz en sus instalaciones.<\/p>\n<p style=\"text-align: justify;\">Para evitar quedar en penumbras, personal de esta entidad habilit\u00f3 los referidos circuitos de forma provisional hasta que se solucione la sobrecarga generada en el sistema.<\/p>\n<p style=\"text-align: justify;\">A trav\u00e9s de un comunicado, la Terminal de Buses inform\u00f3 a la ciudadan\u00eda sobre el hecho, explic\u00f3 que el incidente fue comunicado a tiempo a los operadores del servicio para que \u201ctomen las respectivas provisiones\u201d.<\/p>\n<p style=\"text-align: justify;\">\u201cEsperamos restablecer de manera inmediata este servicio, sin embargo, cabe aclarar que contamos con soluciones en ciertos sectores\u201d, a\u00f1ade la parte final del comunicado.<\/p>\n<p style=\"text-align: justify;\">\n","protected":false},"excerpt":{"rendered":"<p>La Terminal de Buses La Paz sufri\u00f3 este martes una sobrecarga de energ\u00eda el\u00e9ctrica que oblig\u00f3 a la administraci\u00f3n de la entidad a habilitar circuitos que permitan operar con un 75% de capacidad de luz en sus instalaciones. Para evitar quedar en penumbras, personal de esta entidad habilit\u00f3 los referidos circuitos de forma provisional hasta [&hellip;]<\/p>\n","protected":false},"author":4,"featured_media":67733,"comment_status":"open","ping_status":"closed","sticky":false,"template":"","format":"standard","meta":{"footnotes":""},"categories":[39],"tags":[],"class_list":{"0":"post-67732","1":"post","2":"type-post","3":"status-publish","4":"format-standard","5":"has-post-thumbnail","7":"category-energia"},"_links":{"self":[{"href":"https:\/\/jms.com.bo\/mediamonitor\/wp-json\/wp\/v2\/posts\/67732","targetHints":{"allow":["GET"]}}],"collection":[{"href":"https:\/\/jms.com.bo\/mediamonitor\/wp-json\/wp\/v2\/posts"}],"about":[{"href":"https:\/\/jms.com.bo\/mediamonitor\/wp-json\/wp\/v2\/types\/post"}],"author":[{"embeddable":true,"href":"https:\/\/jms.com.bo\/mediamonitor\/wp-json\/wp\/v2\/users\/4"}],"replies":[{"embeddable":true,"href":"https:\/\/jms.com.bo\/mediamonitor\/wp-json\/wp\/v2\/comments?post=67732"}],"version-history":[{"count":0,"href":"https:\/\/jms.com.bo\/mediamonitor\/wp-json\/wp\/v2\/posts\/67732\/revisions"}],"wp:featuredmedia":[{"embeddable":true,"href":"https:\/\/jms.com.bo\/mediamonitor\/wp-json\/wp\/v2\/media\/67733"}],"wp:attachment":[{"href":"https:\/\/jms.com.bo\/mediamonitor\/wp-json\/wp\/v2\/media?parent=67732"}],"wp:term":[{"taxonomy":"category","embeddable":true,"href":"https:\/\/jms.com.bo\/mediamonitor\/wp-json\/wp\/v2\/categories?post=67732"},{"taxonomy":"post_tag","embeddable":true,"href":"https:\/\/jms.com.bo\/mediamonitor\/wp-json\/wp\/v2\/tags?post=67732"}],"curies":[{"name":"wp","href":"https:\/\/api.w.org\/{rel}","templated":true}]}}