{"id":67744,"date":"2024-07-18T06:54:29","date_gmt":"2024-07-18T10:54:29","guid":{"rendered":"https:\/\/jms.com.bo\/mediamonitor\/2024\/07\/18\/reportan-incremento-de-59-en-casos-de-infecciones-respiratorias-en-bolivia\/"},"modified":"2024-07-18T06:54:29","modified_gmt":"2024-07-18T10:54:29","slug":"reportan-incremento-de-59-en-casos-de-infecciones-respiratorias-en-bolivia","status":"publish","type":"post","link":"https:\/\/jms.com.bo\/mediamonitor\/2024\/07\/18\/reportan-incremento-de-59-en-casos-de-infecciones-respiratorias-en-bolivia\/","title":{"rendered":"Reportan incremento de 5,9% en casos de infecciones respiratorias en Bolivia"},"content":{"rendered":"<p style=\"text-align: justify;\">En la \u00faltima semana epidemiol\u00f3gica, en el pa\u00eds los casos de Infecciones Respiratorias Agudas (IRAs) subieron a 8.768, lo que significa un incremento de 5,9% inform\u00f3 este mi\u00e9rcoles la ministra de Salud, Mar\u00eda Ren\u00e9e Castro.<\/p>\n<p style=\"text-align: justify;\">\u00abEn esta \u00faltima semana epidemiol\u00f3gica 28, nosotros hemos tenido un incremento de las infecciones respiratorias agudas, de 8.256 casos, pasamos a 8.768 casos, significa m\u00e1s o menos un incremento de 5,9 por ciento\u00bb, explic\u00f3 en conferencia de prensa, seg\u00fan el reporte de la agencia ABI.<\/p>\n<p style=\"text-align: justify;\">El incremento de las IRAs se report\u00f3 en Santa Cruz, Pando, Chuquisaca Cochabamba, La Paz y Potos\u00ed.<\/p>\n<p style=\"text-align: justify;\">En tanto, a escala nacional se report\u00f3 un leve descenso de neumon\u00edas de 0,4%. \u00abUna diferencia de nueve casos respecto a la semana anterior\u00bb, detall\u00f3 Castro.<\/p>\n<p style=\"text-align: justify;\">Sin embargo, se present\u00f3 un incremento leve de casos de neumon\u00eda en Beni, Cochabamba, La Paz, Potos\u00ed y Santa Cruz.<\/p>\n<p style=\"text-align: justify;\">La ministra destac\u00f3 que, a pesar de estos incrementos de los casos de IRAs, Bolivia no lleg\u00f3 a una fase de epidemia.<\/p>\n<p style=\"text-align: justify;\">\u00abEstamos todav\u00eda dentro de la fase de endemia y esto responde a las medidas que se han adoptado como el horario de invierno para los trabajadores, la ampliaci\u00f3n del descanso pedag\u00f3gico para generar el corte al incremento de infecciones respiratorias y los casos de neumon\u00eda\u00bb, remarc\u00f3.<\/p>\n","protected":false},"excerpt":{"rendered":"<p>En la \u00faltima semana epidemiol\u00f3gica, en el pa\u00eds los casos de Infecciones Respiratorias Agudas (IRAs) subieron a 8.768, lo que significa un incremento de 5,9% inform\u00f3 este mi\u00e9rcoles la ministra de Salud, Mar\u00eda Ren\u00e9e Castro. \u00abEn esta \u00faltima semana epidemiol\u00f3gica 28, nosotros hemos tenido un incremento de las infecciones respiratorias agudas, de 8.256 casos, pasamos [&hellip;]<\/p>\n","protected":false},"author":4,"featured_media":67745,"comment_status":"open","ping_status":"closed","sticky":false,"template":"","format":"standard","meta":{"footnotes":""},"categories":[53],"tags":[],"class_list":{"0":"post-67744","1":"post","2":"type-post","3":"status-publish","4":"format-standard","5":"has-post-thumbnail","7":"category-salud"},"_links":{"self":[{"href":"https:\/\/jms.com.bo\/mediamonitor\/wp-json\/wp\/v2\/posts\/67744","targetHints":{"allow":["GET"]}}],"collection":[{"href":"https:\/\/jms.com.bo\/mediamonitor\/wp-json\/wp\/v2\/posts"}],"about":[{"href":"https:\/\/jms.com.bo\/mediamonitor\/wp-json\/wp\/v2\/types\/post"}],"author":[{"embeddable":true,"href":"https:\/\/jms.com.bo\/mediamonitor\/wp-json\/wp\/v2\/users\/4"}],"replies":[{"embeddable":true,"href":"https:\/\/jms.com.bo\/mediamonitor\/wp-json\/wp\/v2\/comments?post=67744"}],"version-history":[{"count":0,"href":"https:\/\/jms.com.bo\/mediamonitor\/wp-json\/wp\/v2\/posts\/67744\/revisions"}],"wp:featuredmedia":[{"embeddable":true,"href":"https:\/\/jms.com.bo\/mediamonitor\/wp-json\/wp\/v2\/media\/67745"}],"wp:attachment":[{"href":"https:\/\/jms.com.bo\/mediamonitor\/wp-json\/wp\/v2\/media?parent=67744"}],"wp:term":[{"taxonomy":"category","embeddable":true,"href":"https:\/\/jms.com.bo\/mediamonitor\/wp-json\/wp\/v2\/categories?post=67744"},{"taxonomy":"post_tag","embeddable":true,"href":"https:\/\/jms.com.bo\/mediamonitor\/wp-json\/wp\/v2\/tags?post=67744"}],"curies":[{"name":"wp","href":"https:\/\/api.w.org\/{rel}","templated":true}]}}