{"id":67746,"date":"2024-07-18T06:56:00","date_gmt":"2024-07-18T10:56:00","guid":{"rendered":"https:\/\/jms.com.bo\/mediamonitor\/2024\/07\/18\/avicultores-reportan-menor-produccion-de-pollos-y-huevos-e-identifican-cuatro-razones\/"},"modified":"2024-07-18T06:56:00","modified_gmt":"2024-07-18T10:56:00","slug":"avicultores-reportan-menor-produccion-de-pollos-y-huevos-e-identifican-cuatro-razones","status":"publish","type":"post","link":"https:\/\/jms.com.bo\/mediamonitor\/2024\/07\/18\/avicultores-reportan-menor-produccion-de-pollos-y-huevos-e-identifican-cuatro-razones\/","title":{"rendered":"Avicultores reportan menor producci\u00f3n de pollos y huevos e identifican cuatro razones"},"content":{"rendered":"<p style=\"text-align: justify;\">Luego de una evaluaci\u00f3n semestral, la Asociaci\u00f3n de Avicultores de Santa Cruz (ADA) report\u00f3 este mi\u00e9rcoles que hay cuatro factores principales que afectan la normal producci\u00f3n en las granjas de ese departamento, lo que repercutir\u00e1 en una menor oferta de carne de pollo y huevos a partir de diciembre de este a\u00f1o.<\/p>\n<p style=\"text-align: justify;\">La falta de d\u00f3lares para la importaci\u00f3n de gen\u00e9tica, el incremento en el precio de los insumos veterinarios, la incertidumbre generada por la oferta irregular de granos y los recortes por parte del Gobierno en las asignaciones de soya, son los principales problemas que enfrentan los avicultores.<\/p>\n<p style=\"text-align: justify;\">El presidente de ADA, Omar Castro, calific\u00f3 como complicado para el sector estos primeros seis meses del a\u00f1o, pues la falta de d\u00f3lares ha impactado en el precio de los insumos veterinarios av\u00edcolas importados; elevando los costos de producci\u00f3n. De igual manera, afect\u00f3 la importaci\u00f3n de gen\u00e9tica para la reposici\u00f3n en tiempo y cantidad de las reproductoras en las granjas; lo que ocasionar\u00e1 una disminuci\u00f3n del 11% en la oferta de pollo terminado y el 4% en la de huevo a partir de diciembre.<\/p>\n<p style=\"text-align: justify;\">Record\u00f3 que \u201cdesde que empez\u00f3 el problema de la falta de d\u00f3lares en el pa\u00eds en febrero pasado el sector avicultor solicit\u00f3 al Gobierno que canalice el acceso a $us 1,5 millones para la importaci\u00f3n de gen\u00e9tica, gesti\u00f3n que se est\u00e1 dando reci\u00e9n a partir de julio. No obstante, el desfase en la producci\u00f3n del primer semestre y sus consecuencias son inevitables\u201d.<\/p>\n<p style=\"text-align: justify;\">Avicultores<\/p>\n<p style=\"text-align: justify;\">Asimismo, dijo que seg\u00fan un reciente informe t\u00e9cnico de la Asociaci\u00f3n de Productores de Oleaginosas y Trigo (Anapo) la superficie sembrada con cultivos de rotaci\u00f3n; que incluyen sorgo, ma\u00edz, trigo, girasol y ch\u00eda, ha ca\u00eddo significativamente; lo cual no asegura la provisi\u00f3n estable y permanente de ma\u00edz y soya para la alimentaci\u00f3n de las aves generando incertidumbre en los avicultores.<\/p>\n<p style=\"text-align: justify;\">\u201cNuestros productores sufren discriminaci\u00f3n por parte del Gobierno. Para este segundo semestre hemos sufrido nuevamente un recorte del 24% de lo requerido. De las 21.000 toneladas que solicitamos solo nos asignaron 16.000 toneladas; afectando a 351 de 420 avicultores, o sea, al 84% de nuestros productores. La misma situaci\u00f3n se dio en la anterior asignaci\u00f3n, que tuvimos un recorte del 25%\u201d, explic\u00f3 Castro.<\/p>\n<p style=\"text-align: justify;\">Inform\u00f3 que, pese a que un equipo t\u00e9cnico de la Asociaci\u00f3n se reuni\u00f3 dos d\u00edas en La Paz con autoridades nacionales para explicar y justificar las 21.000 toneladas requeridas, no se logr\u00f3 revertir el recorte. \u201cEl Gobierno est\u00e1 discriminando a los productores de ADA Santa Cruz; al hacer estos recortes, que ninguna otra asociaci\u00f3n en el pa\u00eds ha sufrido, ni de avicultores, ni de ning\u00fan otro rubro pecuario\u201d.<\/p>\n<p style=\"text-align: justify;\">ADA Santa Cruz propone establecer mecanismos para asegurar la provisi\u00f3n de torta de soya hasta el ingreso de la nueva cosecha de la campa\u00f1a de verano 2024-2025.<\/p>\n<p style=\"text-align: justify;\">Adem\u00e1s, aprobar la importaci\u00f3n de ma\u00edz transg\u00e9nico con gravamen 0 e IVA 0, o hasta que se apruebe el uso de biotecnolog\u00eda y hoy; al ser Bolivia miembro pleno del Mercosur, existe el mecanismo de homologaci\u00f3n para acelerar este proceso.<\/p>\n<p style=\"text-align: justify;\">Sugieren tambi\u00e9n mantener la canalizaci\u00f3n de fondos en d\u00f3lares para la importaci\u00f3n regular de gen\u00e9tica.<\/p>\n<p style=\"text-align: justify;\">El 65% de la producci\u00f3n de pollos de engorde, el 52% de la producci\u00f3n de huevo y m\u00e1s del 90% de la producci\u00f3n de pollitos beb\u00e9s del pa\u00eds se genera en el departamento cruce\u00f1o.<\/p>\n<p style=\"text-align: justify;\">ADA cuenta con 420 productores asociados, de los cuales el 72% son peque\u00f1os y medianos productores y el 28% son grandes.<\/p>\n","protected":false},"excerpt":{"rendered":"<p>Luego de una evaluaci\u00f3n semestral, la Asociaci\u00f3n de Avicultores de Santa Cruz (ADA) report\u00f3 este mi\u00e9rcoles que hay cuatro factores principales que afectan la normal producci\u00f3n en las granjas de ese departamento, lo que repercutir\u00e1 en una menor oferta de carne de pollo y huevos a partir de diciembre de este a\u00f1o. La falta de [&hellip;]<\/p>\n","protected":false},"author":4,"featured_media":67747,"comment_status":"open","ping_status":"closed","sticky":false,"template":"","format":"standard","meta":{"footnotes":""},"categories":[52],"tags":[],"class_list":{"0":"post-67746","1":"post","2":"type-post","3":"status-publish","4":"format-standard","5":"has-post-thumbnail","7":"category-alimentos-agroindustria"},"_links":{"self":[{"href":"https:\/\/jms.com.bo\/mediamonitor\/wp-json\/wp\/v2\/posts\/67746","targetHints":{"allow":["GET"]}}],"collection":[{"href":"https:\/\/jms.com.bo\/mediamonitor\/wp-json\/wp\/v2\/posts"}],"about":[{"href":"https:\/\/jms.com.bo\/mediamonitor\/wp-json\/wp\/v2\/types\/post"}],"author":[{"embeddable":true,"href":"https:\/\/jms.com.bo\/mediamonitor\/wp-json\/wp\/v2\/users\/4"}],"replies":[{"embeddable":true,"href":"https:\/\/jms.com.bo\/mediamonitor\/wp-json\/wp\/v2\/comments?post=67746"}],"version-history":[{"count":0,"href":"https:\/\/jms.com.bo\/mediamonitor\/wp-json\/wp\/v2\/posts\/67746\/revisions"}],"wp:featuredmedia":[{"embeddable":true,"href":"https:\/\/jms.com.bo\/mediamonitor\/wp-json\/wp\/v2\/media\/67747"}],"wp:attachment":[{"href":"https:\/\/jms.com.bo\/mediamonitor\/wp-json\/wp\/v2\/media?parent=67746"}],"wp:term":[{"taxonomy":"category","embeddable":true,"href":"https:\/\/jms.com.bo\/mediamonitor\/wp-json\/wp\/v2\/categories?post=67746"},{"taxonomy":"post_tag","embeddable":true,"href":"https:\/\/jms.com.bo\/mediamonitor\/wp-json\/wp\/v2\/tags?post=67746"}],"curies":[{"name":"wp","href":"https:\/\/api.w.org\/{rel}","templated":true}]}}