{"id":67748,"date":"2024-07-18T06:57:33","date_gmt":"2024-07-18T10:57:33","guid":{"rendered":"https:\/\/jms.com.bo\/mediamonitor\/2024\/07\/18\/hay-200-000-toneladas-de-cana-en-riesgo-por-falta-de-zafra\/"},"modified":"2024-07-18T06:57:33","modified_gmt":"2024-07-18T10:57:33","slug":"hay-200-000-toneladas-de-cana-en-riesgo-por-falta-de-zafra","status":"publish","type":"post","link":"https:\/\/jms.com.bo\/mediamonitor\/2024\/07\/18\/hay-200-000-toneladas-de-cana-en-riesgo-por-falta-de-zafra\/","title":{"rendered":"Hay 200.000 toneladas de ca\u00f1a en riesgo por falta de zafra"},"content":{"rendered":"<p style=\"text-align: justify;\">Seg\u00fan el \u00faltimo acuerdo entre Industrias Agr\u00edcolas de Bermejo Sociedad An\u00f3nima (Iabsa) y el sector ca\u00f1ero, la zafra 2024 deb\u00eda arrancar el 1 de julio, sin embargo, una quincena despu\u00e9s a\u00fan persiste la incertidumbre, lo que pone en riesgo alrededor de 200.000 toneladas de ca\u00f1a, lo que se traduce en unos 400.000 quintales de az\u00facar que se pueden perder.<\/p>\n<p style=\"text-align: justify;\">El dirigente del sector ca\u00f1ero en Bermejo, Normando Choque, se\u00f1al\u00f3 que existe preocupaci\u00f3n por el inicio de la zafra, ya que inicialmente se hab\u00eda establecido su inicio el 1 de junio; luego fue reprogramada para el 20 de junio; luego hubo el compromiso para que se efect\u00fae el 1 de julio, pero hasta la fecha no arranca.<\/p>\n<p style=\"text-align: justify;\">\u201cNosotros preocupados como Comit\u00e9 de Defensa, a trav\u00e9s de la dirigencia ca\u00f1era se pas\u00f3 una nota al Ministerio de Desarrollo Productivo para que pueda arribar una comisi\u00f3n de alto nivel para poder evaluar, para que nos informe, porque la Ley 307, el Decreto 1554, Decreto 1555 y la Resoluci\u00f3n 030 le permite al Gobierno Nacional hacer la intervenci\u00f3n, pero lamentablemente no tenemos una respuesta hasta la fecha\u201d, refiri\u00f3.<\/p>\n<p style=\"text-align: justify;\">Choque manifest\u00f3 que tampoco se ha tenido una respuesta oficial por parte de los industriales sobre el inicio de la zafra, lo que est\u00e1 poniendo en riesgo alrededor de 200.000 toneladas de ca\u00f1a que producen 400.000 quintales de az\u00facar, que se pueden perder al no iniciar la zafra.<\/p>\n<p style=\"text-align: justify;\">\u201cEsto es una p\u00e9rdida grande para los peque\u00f1os productores que nos dedicamos a la producci\u00f3n de ca\u00f1a de az\u00facar. En caso que no inicie hasta la pr\u00f3xima semana, vamos a convocar a una asamblea general como Comit\u00e9 de Defensa del Sector Ca\u00f1ero para tomar una determinaci\u00f3n. No podemos quedar brazos cruzados con una p\u00e9rdida que es millonaria para nosotros\u201d, afirm\u00f3.<\/p>\n","protected":false},"excerpt":{"rendered":"<p>Seg\u00fan el \u00faltimo acuerdo entre Industrias Agr\u00edcolas de Bermejo Sociedad An\u00f3nima (Iabsa) y el sector ca\u00f1ero, la zafra 2024 deb\u00eda arrancar el 1 de julio, sin embargo, una quincena despu\u00e9s a\u00fan persiste la incertidumbre, lo que pone en riesgo alrededor de 200.000 toneladas de ca\u00f1a, lo que se traduce en unos 400.000 quintales de az\u00facar [&hellip;]<\/p>\n","protected":false},"author":4,"featured_media":67749,"comment_status":"open","ping_status":"closed","sticky":false,"template":"","format":"standard","meta":{"footnotes":""},"categories":[49],"tags":[],"class_list":{"0":"post-67748","1":"post","2":"type-post","3":"status-publish","4":"format-standard","5":"has-post-thumbnail","7":"category-social"},"_links":{"self":[{"href":"https:\/\/jms.com.bo\/mediamonitor\/wp-json\/wp\/v2\/posts\/67748","targetHints":{"allow":["GET"]}}],"collection":[{"href":"https:\/\/jms.com.bo\/mediamonitor\/wp-json\/wp\/v2\/posts"}],"about":[{"href":"https:\/\/jms.com.bo\/mediamonitor\/wp-json\/wp\/v2\/types\/post"}],"author":[{"embeddable":true,"href":"https:\/\/jms.com.bo\/mediamonitor\/wp-json\/wp\/v2\/users\/4"}],"replies":[{"embeddable":true,"href":"https:\/\/jms.com.bo\/mediamonitor\/wp-json\/wp\/v2\/comments?post=67748"}],"version-history":[{"count":0,"href":"https:\/\/jms.com.bo\/mediamonitor\/wp-json\/wp\/v2\/posts\/67748\/revisions"}],"wp:featuredmedia":[{"embeddable":true,"href":"https:\/\/jms.com.bo\/mediamonitor\/wp-json\/wp\/v2\/media\/67749"}],"wp:attachment":[{"href":"https:\/\/jms.com.bo\/mediamonitor\/wp-json\/wp\/v2\/media?parent=67748"}],"wp:term":[{"taxonomy":"category","embeddable":true,"href":"https:\/\/jms.com.bo\/mediamonitor\/wp-json\/wp\/v2\/categories?post=67748"},{"taxonomy":"post_tag","embeddable":true,"href":"https:\/\/jms.com.bo\/mediamonitor\/wp-json\/wp\/v2\/tags?post=67748"}],"curies":[{"name":"wp","href":"https:\/\/api.w.org\/{rel}","templated":true}]}}