{"id":67750,"date":"2024-07-18T06:59:00","date_gmt":"2024-07-18T10:59:00","guid":{"rendered":"https:\/\/jms.com.bo\/mediamonitor\/2024\/07\/18\/arcistas-instalan-vigilia-en-el-tse\/"},"modified":"2024-07-18T06:59:00","modified_gmt":"2024-07-18T10:59:00","slug":"arcistas-instalan-vigilia-en-el-tse","status":"publish","type":"post","link":"https:\/\/jms.com.bo\/mediamonitor\/2024\/07\/18\/arcistas-instalan-vigilia-en-el-tse\/","title":{"rendered":"\u2018Arcistas\u2019 instalan vigilia en el TSE"},"content":{"rendered":"<p style=\"text-align: justify;\">Movimientos sociales del ala \u201carcista\u201d instalaron este mi\u00e9rcoles una vigilia frente al Tribunal Supremo Electoral (TSE) en la plaza Abaroa de La Paz, con el objetivo de exigir el reconocimiento de Grover Garc\u00eda como presidente del MAS en lugar de Evo Morales.<\/p>\n<p style=\"text-align: justify;\">El dirigente Dami\u00e1n Morales expres\u00f3 la molestia de su sector hacia el \u00d3rgano Electoral por no haber reconocido a Garc\u00eda y, al mismo, tiempo convocar a Evo Morales como si a\u00fan fuese el presidente del MAS.<\/p>\n<p style=\"text-align: justify;\">Dijo que la vigilia es de car\u00e1cter indefinido y pac\u00edfico. \u201cSi tenemos que estar un a\u00f1o, vamos a estar\u201d, acot\u00f3 el dirigente Juan Nina.<\/p>\n<p style=\"text-align: justify;\">Garc\u00eda fue elegido como presidente de la Direcci\u00f3n Nacional del MAS en el congreso realizado por los \u201carcistas\u201d en mayo de este a\u00f1o en El Alto, sin embargo, el TSE no ha reconocido esta elecci\u00f3n.<\/p>\n","protected":false},"excerpt":{"rendered":"<p>Movimientos sociales del ala \u201carcista\u201d instalaron este mi\u00e9rcoles una vigilia frente al Tribunal Supremo Electoral (TSE) en la plaza Abaroa de La Paz, con el objetivo de exigir el reconocimiento de Grover Garc\u00eda como presidente del MAS en lugar de Evo Morales. El dirigente Dami\u00e1n Morales expres\u00f3 la molestia de su sector hacia el \u00d3rgano [&hellip;]<\/p>\n","protected":false},"author":4,"featured_media":67751,"comment_status":"open","ping_status":"closed","sticky":false,"template":"","format":"standard","meta":{"footnotes":""},"categories":[49],"tags":[],"class_list":{"0":"post-67750","1":"post","2":"type-post","3":"status-publish","4":"format-standard","5":"has-post-thumbnail","7":"category-social"},"_links":{"self":[{"href":"https:\/\/jms.com.bo\/mediamonitor\/wp-json\/wp\/v2\/posts\/67750","targetHints":{"allow":["GET"]}}],"collection":[{"href":"https:\/\/jms.com.bo\/mediamonitor\/wp-json\/wp\/v2\/posts"}],"about":[{"href":"https:\/\/jms.com.bo\/mediamonitor\/wp-json\/wp\/v2\/types\/post"}],"author":[{"embeddable":true,"href":"https:\/\/jms.com.bo\/mediamonitor\/wp-json\/wp\/v2\/users\/4"}],"replies":[{"embeddable":true,"href":"https:\/\/jms.com.bo\/mediamonitor\/wp-json\/wp\/v2\/comments?post=67750"}],"version-history":[{"count":0,"href":"https:\/\/jms.com.bo\/mediamonitor\/wp-json\/wp\/v2\/posts\/67750\/revisions"}],"wp:featuredmedia":[{"embeddable":true,"href":"https:\/\/jms.com.bo\/mediamonitor\/wp-json\/wp\/v2\/media\/67751"}],"wp:attachment":[{"href":"https:\/\/jms.com.bo\/mediamonitor\/wp-json\/wp\/v2\/media?parent=67750"}],"wp:term":[{"taxonomy":"category","embeddable":true,"href":"https:\/\/jms.com.bo\/mediamonitor\/wp-json\/wp\/v2\/categories?post=67750"},{"taxonomy":"post_tag","embeddable":true,"href":"https:\/\/jms.com.bo\/mediamonitor\/wp-json\/wp\/v2\/tags?post=67750"}],"curies":[{"name":"wp","href":"https:\/\/api.w.org\/{rel}","templated":true}]}}