{"id":67752,"date":"2024-07-18T07:00:26","date_gmt":"2024-07-18T11:00:26","guid":{"rendered":"https:\/\/jms.com.bo\/mediamonitor\/2024\/07\/18\/el-gastroenterologico-del-bicentenario-esta-listo-en-agosto-comenzara-sus-preoperaciones\/"},"modified":"2024-07-18T07:00:26","modified_gmt":"2024-07-18T11:00:26","slug":"el-gastroenterologico-del-bicentenario-esta-listo-en-agosto-comenzara-sus-preoperaciones","status":"publish","type":"post","link":"https:\/\/jms.com.bo\/mediamonitor\/2024\/07\/18\/el-gastroenterologico-del-bicentenario-esta-listo-en-agosto-comenzara-sus-preoperaciones\/","title":{"rendered":"El Gastroenterol\u00f3gico del Bicentenario est\u00e1 listo, en agosto comenzar\u00e1 sus preoperaciones"},"content":{"rendered":"<p style=\"text-align: justify;\">El Gobierno cre\u00f3, mediante un decreto supremo, el Instituto Gastroenterol\u00f3gico del Bicentenario tras concluidas las obras. La ministra de Salud, Mar\u00eda Ren\u00e9e Castro, anunci\u00f3 que en agosto comenzar\u00e1 la fase de funcionamiento previo.<\/p>\n<p style=\"text-align: justify;\">Se trata del primer hospital de cuarto nivel del pa\u00eds. Seg\u00fan datos del Ministerio de Salud, este complejo hospitalario tiene un alto nivel tecnol\u00f3gico y resolutivo con servicios especializados de atenci\u00f3n y de investigaci\u00f3n en el \u00e1mbito de la gastroenterolog\u00eda.<\/p>\n<p style=\"text-align: justify;\">\u201cYa tenemos la infraestructura, est\u00e1 el equipamiento. Nos faltaba una fase m\u00e1s de la acometida de gas, que la empresa est\u00e1 solucionando estas semanas. Necesit\u00e1bamos el documento de nacimiento del Hospital Gastroenterol\u00f3gico para poder conformar al equipo directivo\u201d, dijo la ministra en conferencia de prensa.<\/p>\n<p style=\"text-align: justify;\">Castro explic\u00f3 que la fase de preoperaci\u00f3n consiste en implementar aspectos t\u00e9cnico-normativos. \u201cEstamos acortando ciertos plazos establecidos en el contrato para avanzar en la puesta en marcha de esta importante infraestructura, que va en beneficio del departamento de La Paz y de todo el pa\u00eds\u201d.<\/p>\n<p style=\"text-align: justify;\">El Instituto Gastroenterol\u00f3gico est\u00e1 ubicado en la avenida Ren\u00e9 Zavaleta de la ciudad de La Paz. Para este proyecto, la inversi\u00f3n del Gobierno nacional es de m\u00e1s de Bs 739 millones provenientes de las arcas del Estado.<\/p>\n<p style=\"text-align: justify;\">OPERACI\u00d3N<\/p>\n<p style=\"text-align: justify;\">Para su fase de operaci\u00f3n plena, contar\u00e1 con cinco quir\u00f3fanos integrados, 15 consultorios, laboratorio de pruebas funcionales.<\/p>\n<p style=\"text-align: justify;\">Adem\u00e1s tendr\u00e1 cuatro salas de endoscopia de adultos y dos salas de endoscopia pedi\u00e1trica. Asimismo contar\u00e1 con subespecialidades: cirug\u00eda de abdomen, coloproctolog\u00eda, gastroenterolog\u00eda (adulto y pedi\u00e1trica), hepatolog\u00eda y la unidad de trasplantes.<\/p>\n<p style=\"text-align: justify;\">De esta manera, el Gobierno prev\u00e9 que el complejo hospitalario se convertir\u00e1 en el centro de referencia de investigaci\u00f3n de patolog\u00edas gastroenterol\u00f3gicas del pa\u00eds.<\/p>\n<p style=\"text-align: justify;\">Con el decreto supremo se da v\u00eda libre al funcionamiento del gastroenterol\u00f3gico donde todos los procesos dentro del hospital ser\u00e1n m\u00e1s din\u00e1micos para la adquisici\u00f3n de insumos, reactivos y otros dem\u00e1s.<\/p>\n<p style=\"text-align: justify;\">La ministra dijo que se aceleran los procesos para su funcionamiento \u201clo antes posible\u201d.<\/p>\n","protected":false},"excerpt":{"rendered":"<p>El Gobierno cre\u00f3, mediante un decreto supremo, el Instituto Gastroenterol\u00f3gico del Bicentenario tras concluidas las obras. La ministra de Salud, Mar\u00eda Ren\u00e9e Castro, anunci\u00f3 que en agosto comenzar\u00e1 la fase de funcionamiento previo. Se trata del primer hospital de cuarto nivel del pa\u00eds. Seg\u00fan datos del Ministerio de Salud, este complejo hospitalario tiene un alto [&hellip;]<\/p>\n","protected":false},"author":4,"featured_media":67753,"comment_status":"open","ping_status":"closed","sticky":false,"template":"","format":"standard","meta":{"footnotes":""},"categories":[20],"tags":[],"class_list":{"0":"post-67752","1":"post","2":"type-post","3":"status-publish","4":"format-standard","5":"has-post-thumbnail","7":"category-actualidad"},"_links":{"self":[{"href":"https:\/\/jms.com.bo\/mediamonitor\/wp-json\/wp\/v2\/posts\/67752","targetHints":{"allow":["GET"]}}],"collection":[{"href":"https:\/\/jms.com.bo\/mediamonitor\/wp-json\/wp\/v2\/posts"}],"about":[{"href":"https:\/\/jms.com.bo\/mediamonitor\/wp-json\/wp\/v2\/types\/post"}],"author":[{"embeddable":true,"href":"https:\/\/jms.com.bo\/mediamonitor\/wp-json\/wp\/v2\/users\/4"}],"replies":[{"embeddable":true,"href":"https:\/\/jms.com.bo\/mediamonitor\/wp-json\/wp\/v2\/comments?post=67752"}],"version-history":[{"count":0,"href":"https:\/\/jms.com.bo\/mediamonitor\/wp-json\/wp\/v2\/posts\/67752\/revisions"}],"wp:featuredmedia":[{"embeddable":true,"href":"https:\/\/jms.com.bo\/mediamonitor\/wp-json\/wp\/v2\/media\/67753"}],"wp:attachment":[{"href":"https:\/\/jms.com.bo\/mediamonitor\/wp-json\/wp\/v2\/media?parent=67752"}],"wp:term":[{"taxonomy":"category","embeddable":true,"href":"https:\/\/jms.com.bo\/mediamonitor\/wp-json\/wp\/v2\/categories?post=67752"},{"taxonomy":"post_tag","embeddable":true,"href":"https:\/\/jms.com.bo\/mediamonitor\/wp-json\/wp\/v2\/tags?post=67752"}],"curies":[{"name":"wp","href":"https:\/\/api.w.org\/{rel}","templated":true}]}}