{"id":67759,"date":"2024-07-18T07:06:30","date_gmt":"2024-07-18T11:06:30","guid":{"rendered":"https:\/\/jms.com.bo\/mediamonitor\/2024\/07\/18\/evo-busca-candidato-a-vice-que-solucione-problemas-economicos-o-judiciales-del-pais\/"},"modified":"2024-07-18T07:06:30","modified_gmt":"2024-07-18T11:06:30","slug":"evo-busca-candidato-a-vice-que-solucione-problemas-economicos-o-judiciales-del-pais","status":"publish","type":"post","link":"https:\/\/jms.com.bo\/mediamonitor\/2024\/07\/18\/evo-busca-candidato-a-vice-que-solucione-problemas-economicos-o-judiciales-del-pais\/","title":{"rendered":"Evo busca candidato a Vice que solucione problemas econ\u00f3micos o judiciales del pa\u00eds"},"content":{"rendered":"<p style=\"text-align: justify;\">El expresidente Evo Morales insiste en que ser\u00e1 candidato a las elecciones nacionales del 2025 y dijo que necesita un candidato a la vicepresidencia que resuelva los problemas econ\u00f3micos o judiciales que enfrenta el pa\u00eds. Opositores le recuerdan que un fallo del Tribunal Constitucional Plurinacional (TCP) le impide una nueva postulaci\u00f3n.<\/p>\n<p style=\"text-align: justify;\">\u201cSi se conforma la candidatura de Evo (refiri\u00e9ndose a s\u00ed mismo), Evo y el MAS desea un candidato a vicepresidente que nos ayude a resolver el tema de econom\u00eda o justicia. \u00bfQui\u00e9n ser\u00e1 ese compa\u00f1ero o compa\u00f1era? No me interesa de qu\u00e9 regi\u00f3n, departamento o sector que nos ayude a resolver esos temas, no al MAS, sino a Bolivia\u201d, declar\u00f3 Morales seguro de volver a presentarse en las siguientes elecciones nacionales.<\/p>\n<p style=\"text-align: justify;\">\u201cLes aseguro que si ma\u00f1ana fueran las elecciones, ganamos en Santa Cruz con Evo adelante. No es por hablador, ayer (martes) estuve hasta la una de la ma\u00f1ana en reuniones con distintos sectores (\u2026) Nuestra fortaleza: Evo representa a Bolivia profunda\u201d, explic\u00f3.<\/p>\n<p style=\"text-align: justify;\">La exministra Teresa Morales afirm\u00f3 que la direcci\u00f3n nacional del MAS a\u00fan no discuti\u00f3 qui\u00e9n ser\u00eda el acompa\u00f1ante de f\u00f3rmula, pero dijo que \u201cel doctor Eduardo Rodr\u00edguez Veltz\u00e9 es una persona muy respetada, todos los sectores de Bolivia lo respetan porque es una autoridad judicial y llev\u00f3 adelante una transici\u00f3n de Gobierno como deber ser, hizo lo correcto, llam\u00f3 a elecciones en corto tiempo\u201d.<\/p>\n<p style=\"text-align: justify;\">Sin embargo, el diputado por Comunidad Ciudadana (CC) Alberto Astorga consider\u00f3 que Evo Morales esta \u201calucinando\u201d. \u201cHay una sentencia del TCP que dice que no puede volver a ser candidato. Se tiene que resignar de una vez y deber\u00eda autoexiliarse en el Chapare y dedicarse a ser presidente de las Seis Federaciones del Tr\u00f3pico de Cochabamba. Ac\u00e1 los bolivianos no vamos a permitir que Morales vuelva a ser candidato el 2025 porque se tiene que respetar el fallo del TCP, el 21 F y la Constituci\u00f3n\u201d.<\/p>\n<p style=\"text-align: justify;\">El pasado 29 de diciembre, el TCP acogiendo una opini\u00f3n de la Corte Interamericana de Derechos Humanos (IDH), suspendi\u00f3 la reelecci\u00f3n indefinida en el pa\u00eds con un fallo que inhabilita la candidatura del expresidente Evo Morales en las elecciones de 2025<\/p>\n<p style=\"text-align: justify;\">\u201cLa generaci\u00f3n &#8216;Pitita&#8217;, los del 21 F (que votaron contra un tercer mandato), vamos a volver a salir a las calles para que se respete ese fallo y que Evo Morales no vuelva a ser candidato. Que deje de alucinar el patr\u00f3n del Chapare\u201d, declar\u00f3.<\/p>\n<p style=\"text-align: justify;\">El rector de la Universidad Aut\u00f3noma Gabriel Ren\u00e9 Moreno (UAGRAM) Vicente Cuellar explic\u00f3 que por la v\u00eda legal y \u00e9tica no puede ser candidato. \u201cDebe dejar de insistir en una candidatura \u00bfPor qu\u00e9 deben ser los mismos? \u00bfQu\u00e9 tiene Evo que no tengan otros ciudadanos para acceder a conducir este pa\u00eds?\u201d<\/p>\n","protected":false},"excerpt":{"rendered":"<p>El expresidente Evo Morales insiste en que ser\u00e1 candidato a las elecciones nacionales del 2025 y dijo que necesita un candidato a la vicepresidencia que resuelva los problemas econ\u00f3micos o judiciales que enfrenta el pa\u00eds. Opositores le recuerdan que un fallo del Tribunal Constitucional Plurinacional (TCP) le impide una nueva postulaci\u00f3n. \u201cSi se conforma la [&hellip;]<\/p>\n","protected":false},"author":4,"featured_media":67760,"comment_status":"open","ping_status":"closed","sticky":false,"template":"","format":"standard","meta":{"footnotes":""},"categories":[18],"tags":[],"class_list":{"0":"post-67759","1":"post","2":"type-post","3":"status-publish","4":"format-standard","5":"has-post-thumbnail","7":"category-politica"},"_links":{"self":[{"href":"https:\/\/jms.com.bo\/mediamonitor\/wp-json\/wp\/v2\/posts\/67759","targetHints":{"allow":["GET"]}}],"collection":[{"href":"https:\/\/jms.com.bo\/mediamonitor\/wp-json\/wp\/v2\/posts"}],"about":[{"href":"https:\/\/jms.com.bo\/mediamonitor\/wp-json\/wp\/v2\/types\/post"}],"author":[{"embeddable":true,"href":"https:\/\/jms.com.bo\/mediamonitor\/wp-json\/wp\/v2\/users\/4"}],"replies":[{"embeddable":true,"href":"https:\/\/jms.com.bo\/mediamonitor\/wp-json\/wp\/v2\/comments?post=67759"}],"version-history":[{"count":0,"href":"https:\/\/jms.com.bo\/mediamonitor\/wp-json\/wp\/v2\/posts\/67759\/revisions"}],"wp:featuredmedia":[{"embeddable":true,"href":"https:\/\/jms.com.bo\/mediamonitor\/wp-json\/wp\/v2\/media\/67760"}],"wp:attachment":[{"href":"https:\/\/jms.com.bo\/mediamonitor\/wp-json\/wp\/v2\/media?parent=67759"}],"wp:term":[{"taxonomy":"category","embeddable":true,"href":"https:\/\/jms.com.bo\/mediamonitor\/wp-json\/wp\/v2\/categories?post=67759"},{"taxonomy":"post_tag","embeddable":true,"href":"https:\/\/jms.com.bo\/mediamonitor\/wp-json\/wp\/v2\/tags?post=67759"}],"curies":[{"name":"wp","href":"https:\/\/api.w.org\/{rel}","templated":true}]}}