{"id":67761,"date":"2024-07-18T07:07:50","date_gmt":"2024-07-18T11:07:50","guid":{"rendered":"https:\/\/jms.com.bo\/mediamonitor\/2024\/07\/18\/tras-retiro-de-medida-cautelar-comision-mixta-de-justicia-retomara-el-viernes-la-preseleccion\/"},"modified":"2024-07-18T07:07:50","modified_gmt":"2024-07-18T11:07:50","slug":"tras-retiro-de-medida-cautelar-comision-mixta-de-justicia-retomara-el-viernes-la-preseleccion","status":"publish","type":"post","link":"https:\/\/jms.com.bo\/mediamonitor\/2024\/07\/18\/tras-retiro-de-medida-cautelar-comision-mixta-de-justicia-retomara-el-viernes-la-preseleccion\/","title":{"rendered":"Tras retiro de medida cautelar, Comisi\u00f3n Mixta de Justicia retomar\u00e1 el viernes la preselecci\u00f3n"},"content":{"rendered":"<p style=\"text-align: justify;\">Luego que la Sala Constitucional de Beni dejara sin efecto la medida cautelar que paraliz\u00f3 la preselecci\u00f3n para las elecciones judiciales, el presidente de la Comisi\u00f3n Mixta de Justicia Plural, senador Roberto Padilla, inform\u00f3 que esta instancia de la Asamblea retomar\u00e1 la fase de las entrevistas orales desde el viernes.<\/p>\n<p style=\"text-align: justify;\">\u201cHemos sacado una convocatoria para el viernes. A las 08.00 vamos a empezar como comisi\u00f3n y a partir de las 14.00 estamos notificando a los postulantes para tener el examen oral. Estamos listos para continuar con esta fase y se va a desprecintar el sal\u00f3n que tiene las preguntas. Es importante ir de manera transparente, por eso estamos convocando a todos los miembros de la comisi\u00f3n para continuar con esta etapa\u201d.<\/p>\n<p style=\"text-align: justify;\">Agreg\u00f3 que para el Consejo de la Magistratura se tiene m\u00e1s de 80 postulantes, en tanto, para el Tribunal Agroambiental hay m\u00e1s de 40. \u201cEl viernes, s\u00e1bado y domingo trabajaremos en la preselecci\u00f3n. Hoy estamos notificando para que est\u00e9n presentes a partir del viernes a las 14.00\u201d<\/p>\n<p style=\"text-align: justify;\">La Sala Constitucional Segunda de Beni orden\u00f3 el mi\u00e9rcoles 10 de julio la paralizaci\u00f3n del proceso de preselecci\u00f3n, tras la acci\u00f3n constitucional interpuesta por la ciudadana Heidy Padilla contra la postulaci\u00f3n de Jes\u00fas Mart\u00ednez para una de las magistraturas del Tribunal Supremo de Justicia (TSJ).<\/p>\n<p style=\"text-align: justify;\">Entonces, la Comisi\u00f3n Mixta de Constituci\u00f3n rechaz\u00f3 la determinaci\u00f3n de la Justicia y decidi\u00f3 continuar con el proceso, empero, ante este desacato, por informaci\u00f3n del presidente de esa instancia, la Sala Constitucional de Beni mult\u00f3 y congel\u00f3 las cuentas de los legisladores de la Comisi\u00f3n Mixta de Constituci\u00f3n.<\/p>\n<p style=\"text-align: justify;\">El director de Asuntos Legales de la C\u00e1mara de Senadores, Israel Quino, inform\u00f3 que tras una argumentaci\u00f3n jur\u00eddica de las Comisiones Mixtas de Constituci\u00f3n y de Justicia Plural se gan\u00f3 el amparo constitucional y se reanuda el proceso de preselecci\u00f3n.<\/p>\n<p style=\"text-align: justify;\">\u201cSe logr\u00f3 demostrar que la medida cautelar impuesta por el tribunal de garant\u00edas era desproporcionada y que afectaba el derecho de m\u00e1s de 400 postulantes en el proceso de preselecci\u00f3n; ganando as\u00ed la acci\u00f3n tutelar que en su fase de admisi\u00f3n suspend\u00eda los ex\u00e1menes orales de los aspirantes a altos cargos judiciales\u201d, escribi\u00f3 Quino desde sus redes sociales.<\/p>\n<p style=\"text-align: justify;\">A\u00f1adi\u00f3 que \u201cen atenci\u00f3n a la defensa t\u00e9cnica jur\u00eddico \u2013 constitucional; (la Sala Constitucional) dispuso dejar sin efecto la medida cautelar y con ello da continuidad con la preselecci\u00f3n judicial en la sede de la Asamblea\u201d.<\/p>\n","protected":false},"excerpt":{"rendered":"<p>Luego que la Sala Constitucional de Beni dejara sin efecto la medida cautelar que paraliz\u00f3 la preselecci\u00f3n para las elecciones judiciales, el presidente de la Comisi\u00f3n Mixta de Justicia Plural, senador Roberto Padilla, inform\u00f3 que esta instancia de la Asamblea retomar\u00e1 la fase de las entrevistas orales desde el viernes. \u201cHemos sacado una convocatoria para [&hellip;]<\/p>\n","protected":false},"author":4,"featured_media":67762,"comment_status":"open","ping_status":"closed","sticky":false,"template":"","format":"standard","meta":{"footnotes":""},"categories":[18],"tags":[],"class_list":{"0":"post-67761","1":"post","2":"type-post","3":"status-publish","4":"format-standard","5":"has-post-thumbnail","7":"category-politica"},"_links":{"self":[{"href":"https:\/\/jms.com.bo\/mediamonitor\/wp-json\/wp\/v2\/posts\/67761","targetHints":{"allow":["GET"]}}],"collection":[{"href":"https:\/\/jms.com.bo\/mediamonitor\/wp-json\/wp\/v2\/posts"}],"about":[{"href":"https:\/\/jms.com.bo\/mediamonitor\/wp-json\/wp\/v2\/types\/post"}],"author":[{"embeddable":true,"href":"https:\/\/jms.com.bo\/mediamonitor\/wp-json\/wp\/v2\/users\/4"}],"replies":[{"embeddable":true,"href":"https:\/\/jms.com.bo\/mediamonitor\/wp-json\/wp\/v2\/comments?post=67761"}],"version-history":[{"count":0,"href":"https:\/\/jms.com.bo\/mediamonitor\/wp-json\/wp\/v2\/posts\/67761\/revisions"}],"wp:featuredmedia":[{"embeddable":true,"href":"https:\/\/jms.com.bo\/mediamonitor\/wp-json\/wp\/v2\/media\/67762"}],"wp:attachment":[{"href":"https:\/\/jms.com.bo\/mediamonitor\/wp-json\/wp\/v2\/media?parent=67761"}],"wp:term":[{"taxonomy":"category","embeddable":true,"href":"https:\/\/jms.com.bo\/mediamonitor\/wp-json\/wp\/v2\/categories?post=67761"},{"taxonomy":"post_tag","embeddable":true,"href":"https:\/\/jms.com.bo\/mediamonitor\/wp-json\/wp\/v2\/tags?post=67761"}],"curies":[{"name":"wp","href":"https:\/\/api.w.org\/{rel}","templated":true}]}}