{"id":67763,"date":"2024-07-18T07:09:14","date_gmt":"2024-07-18T11:09:14","guid":{"rendered":"https:\/\/jms.com.bo\/mediamonitor\/2024\/07\/18\/comision-de-constitucion-preve-reanudar-el-proceso-de-las-elecciones-judiciales-este-viernes\/"},"modified":"2024-07-18T07:09:14","modified_gmt":"2024-07-18T11:09:14","slug":"comision-de-constitucion-preve-reanudar-el-proceso-de-las-elecciones-judiciales-este-viernes","status":"publish","type":"post","link":"https:\/\/jms.com.bo\/mediamonitor\/2024\/07\/18\/comision-de-constitucion-preve-reanudar-el-proceso-de-las-elecciones-judiciales-este-viernes\/","title":{"rendered":"Comisi\u00f3n de Constituci\u00f3n prev\u00e9 reanudar el proceso de las elecciones judiciales este viernes"},"content":{"rendered":"<p style=\"text-align: justify;\">En una reuni\u00f3n virtual, la Comisi\u00f3n de Constituci\u00f3n Mixta acord\u00f3 reanudar el proceso de las elecciones judiciales a partir de este viernes 19 de julio, inform\u00f3 el diputado del MAS, Gustavo Vega.<\/p>\n<p style=\"text-align: justify;\">\u201cAyer (martes) la Comisi\u00f3n tuvo una reuni\u00f3n virtual en la cual hemos quedado con el presidente (senador Miguel) Rejas que a partir del d\u00eda viernes a las 09:00 ya estar\u00edamos reanudando el trabajo de la Comisi\u00f3n de Constituci\u00f3n Mixta\u201d, sostuvo Vega.<\/p>\n<p style=\"text-align: justify;\">Sin embargo, aclar\u00f3 que aguardan la resoluci\u00f3n de la Sala Constitucional de Beni, que la pasada semana determin\u00f3 paralizar la toma de ex\u00e1menes a postulantes de las elecciones judiciales, a solicitud de un candidato que fue inhabilitado.<\/p>\n<p style=\"text-align: justify;\">\u201cSeguimos esperando que resuelva la Sala Constitucional de Beni. Tengo entendido que hoy resolver\u00e1n estas medidas cautelares que exist\u00edan y a partir de hoy estar\u00edamos quedando expeditos para reanudar lo que es el trabajo de la Comisi\u00f3n de Constituci\u00f3n Mixta\u201d, explic\u00f3.<\/p>\n<p style=\"text-align: justify;\">En ese sentido, se\u00f1al\u00f3 que a partir de la tarde de este mi\u00e9rcoles empezar\u00e1n a notificar a los postulantes para que se presenten el viernes.<\/p>\n<p style=\"text-align: justify;\">\u201cEsta vez para que realmente empecemos a convocar a los postulantes a su respectivo examen oral\u201d, a\u00f1ade.<\/p>\n","protected":false},"excerpt":{"rendered":"<p>En una reuni\u00f3n virtual, la Comisi\u00f3n de Constituci\u00f3n Mixta acord\u00f3 reanudar el proceso de las elecciones judiciales a partir de este viernes 19 de julio, inform\u00f3 el diputado del MAS, Gustavo Vega. \u201cAyer (martes) la Comisi\u00f3n tuvo una reuni\u00f3n virtual en la cual hemos quedado con el presidente (senador Miguel) Rejas que a partir del [&hellip;]<\/p>\n","protected":false},"author":4,"featured_media":67764,"comment_status":"open","ping_status":"closed","sticky":false,"template":"","format":"standard","meta":{"footnotes":""},"categories":[18,48,46],"tags":[],"class_list":{"0":"post-67763","1":"post","2":"type-post","3":"status-publish","4":"format-standard","5":"has-post-thumbnail","7":"category-politica","8":"category-portada-general-sitio","9":"category-portada-politica"},"_links":{"self":[{"href":"https:\/\/jms.com.bo\/mediamonitor\/wp-json\/wp\/v2\/posts\/67763","targetHints":{"allow":["GET"]}}],"collection":[{"href":"https:\/\/jms.com.bo\/mediamonitor\/wp-json\/wp\/v2\/posts"}],"about":[{"href":"https:\/\/jms.com.bo\/mediamonitor\/wp-json\/wp\/v2\/types\/post"}],"author":[{"embeddable":true,"href":"https:\/\/jms.com.bo\/mediamonitor\/wp-json\/wp\/v2\/users\/4"}],"replies":[{"embeddable":true,"href":"https:\/\/jms.com.bo\/mediamonitor\/wp-json\/wp\/v2\/comments?post=67763"}],"version-history":[{"count":0,"href":"https:\/\/jms.com.bo\/mediamonitor\/wp-json\/wp\/v2\/posts\/67763\/revisions"}],"wp:featuredmedia":[{"embeddable":true,"href":"https:\/\/jms.com.bo\/mediamonitor\/wp-json\/wp\/v2\/media\/67764"}],"wp:attachment":[{"href":"https:\/\/jms.com.bo\/mediamonitor\/wp-json\/wp\/v2\/media?parent=67763"}],"wp:term":[{"taxonomy":"category","embeddable":true,"href":"https:\/\/jms.com.bo\/mediamonitor\/wp-json\/wp\/v2\/categories?post=67763"},{"taxonomy":"post_tag","embeddable":true,"href":"https:\/\/jms.com.bo\/mediamonitor\/wp-json\/wp\/v2\/tags?post=67763"}],"curies":[{"name":"wp","href":"https:\/\/api.w.org\/{rel}","templated":true}]}}