{"id":67769,"date":"2024-07-18T07:14:28","date_gmt":"2024-07-18T11:14:28","guid":{"rendered":"https:\/\/jms.com.bo\/mediamonitor\/2024\/07\/18\/preven-desplome-del-mas-de-50-en-la-importacion-de-vehiculos-este-ano\/"},"modified":"2024-07-18T07:14:28","modified_gmt":"2024-07-18T11:14:28","slug":"preven-desplome-del-mas-de-50-en-la-importacion-de-vehiculos-este-ano","status":"publish","type":"post","link":"https:\/\/jms.com.bo\/mediamonitor\/2024\/07\/18\/preven-desplome-del-mas-de-50-en-la-importacion-de-vehiculos-este-ano\/","title":{"rendered":"Prev\u00e9n desplome del m\u00e1s de 50% en la importaci\u00f3n de veh\u00edculos este a\u00f1o"},"content":{"rendered":"<p style=\"text-align: justify;\">En un a\u00f1o, la importaci\u00f3n de diferentes tipos de veh\u00edculos, tractores ha disminuido dependiendo de la partida, en algunos casos, incluso por encima del 50% en valor. La C\u00e1mara Automotor Boliviana (CAB) advierte que este a\u00f1o se traer\u00e1 del exterior menos de la mitad de lo que se intern\u00f3 en 2023 debido al incremento del precio del d\u00f3lar.<\/p>\n<p style=\"text-align: justify;\">Datos el Instituto Nacional de Estad\u00edstica (INE) revelan que en cuatro meses, enero-abril, las importaciones de veh\u00edculos de transporte de mercanc\u00edas alcanzaron un valor de 37,92 millones de d\u00f3lares, que representa una ca\u00edda de 50,16% respecto a similar per\u00edodo de 2023.<\/p>\n<p style=\"text-align: justify;\">En el caso de los autom\u00f3viles de turismo y dem\u00e1s veh\u00edculos para transporte de personas, incluidos los de tipo familiar las cifras revelan una importaci\u00f3n por valor de 26,43 millones de d\u00f3lares en cuatro meses, esto es inferior en 55,65% respecto a similar per\u00edodo de 2023. Los datos, a su vez, dan cuenta que en otra partida de autom\u00f3viles de turismo y dem\u00e1s automotores para transporte de personas, este a\u00f1o se import\u00f3 un valor de 54,84 millones de d\u00f3lares, un 23,12% menos que el a\u00f1o pasado.<\/p>\n<p style=\"text-align: justify;\">\u201cTendremos p\u00e9rdidas por m\u00e1s de 60%, est\u00e1 muy dura la situaci\u00f3n. En 2024 no creo que vayamos a llegar a importar 22.000 o 23.000 unidades de veh\u00edculos de los 53.000 que hicimos en el punto m\u00e1s alto\u201d, advirti\u00f3 Erick Saavedra, presidente de la CAB, en entrevista con Asuntos Centrales.<\/p>\n<p style=\"text-align: justify;\">Saavedra tambi\u00e9n revel\u00f3 que en solo una semana, el sector tuvo que ajustar cuatro veces los precios y por esa raz\u00f3n existe un incremento en el valor de los veh\u00edculos a la venta y el mercado se ha contra\u00eddo. \u201cEn este momento no hay una sola empresa que este ganando dinero, la pregunta es quien pierde menos, es una situaci\u00f3n adversa\u201d, puntualiz\u00f3.<\/p>\n<p style=\"text-align: justify;\">Las automotrices adem\u00e1s ya no dan cr\u00e9ditos directos y solo se acepta financiamiento bancario aprobado, seg\u00fan el directivo. La Feria Exposici\u00f3n de Santa Cruz (Expocruz) tradicionalmente es uno de los eventos claves para el rubro automotriz, que este a\u00f1o sin embargo tendr\u00e1 una participaci\u00f3n m\u00e1s discreta y reducida.<\/p>\n","protected":false},"excerpt":{"rendered":"<p>En un a\u00f1o, la importaci\u00f3n de diferentes tipos de veh\u00edculos, tractores ha disminuido dependiendo de la partida, en algunos casos, incluso por encima del 50% en valor. La C\u00e1mara Automotor Boliviana (CAB) advierte que este a\u00f1o se traer\u00e1 del exterior menos de la mitad de lo que se intern\u00f3 en 2023 debido al incremento del [&hellip;]<\/p>\n","protected":false},"author":4,"featured_media":67770,"comment_status":"open","ping_status":"closed","sticky":false,"template":"","format":"standard","meta":{"footnotes":""},"categories":[25],"tags":[],"class_list":{"0":"post-67769","1":"post","2":"type-post","3":"status-publish","4":"format-standard","5":"has-post-thumbnail","7":"category-economia"},"_links":{"self":[{"href":"https:\/\/jms.com.bo\/mediamonitor\/wp-json\/wp\/v2\/posts\/67769","targetHints":{"allow":["GET"]}}],"collection":[{"href":"https:\/\/jms.com.bo\/mediamonitor\/wp-json\/wp\/v2\/posts"}],"about":[{"href":"https:\/\/jms.com.bo\/mediamonitor\/wp-json\/wp\/v2\/types\/post"}],"author":[{"embeddable":true,"href":"https:\/\/jms.com.bo\/mediamonitor\/wp-json\/wp\/v2\/users\/4"}],"replies":[{"embeddable":true,"href":"https:\/\/jms.com.bo\/mediamonitor\/wp-json\/wp\/v2\/comments?post=67769"}],"version-history":[{"count":0,"href":"https:\/\/jms.com.bo\/mediamonitor\/wp-json\/wp\/v2\/posts\/67769\/revisions"}],"wp:featuredmedia":[{"embeddable":true,"href":"https:\/\/jms.com.bo\/mediamonitor\/wp-json\/wp\/v2\/media\/67770"}],"wp:attachment":[{"href":"https:\/\/jms.com.bo\/mediamonitor\/wp-json\/wp\/v2\/media?parent=67769"}],"wp:term":[{"taxonomy":"category","embeddable":true,"href":"https:\/\/jms.com.bo\/mediamonitor\/wp-json\/wp\/v2\/categories?post=67769"},{"taxonomy":"post_tag","embeddable":true,"href":"https:\/\/jms.com.bo\/mediamonitor\/wp-json\/wp\/v2\/tags?post=67769"}],"curies":[{"name":"wp","href":"https:\/\/api.w.org\/{rel}","templated":true}]}}