{"id":67771,"date":"2024-07-18T07:15:50","date_gmt":"2024-07-18T11:15:50","guid":{"rendered":"https:\/\/jms.com.bo\/mediamonitor\/2024\/07\/18\/estudio-afirma-que-al-2022-casi-40-de-la-deuda-se-relaciona-con-el-extractivismo\/"},"modified":"2024-07-18T07:15:50","modified_gmt":"2024-07-18T11:15:50","slug":"estudio-afirma-que-al-2022-casi-40-de-la-deuda-se-relaciona-con-el-extractivismo","status":"publish","type":"post","link":"https:\/\/jms.com.bo\/mediamonitor\/2024\/07\/18\/estudio-afirma-que-al-2022-casi-40-de-la-deuda-se-relaciona-con-el-extractivismo\/","title":{"rendered":"Estudio afirma que al 2022 casi 40% de la deuda se relaciona con el extractivismo"},"content":{"rendered":"<p style=\"text-align: justify;\">Al 2022, casi el 40% de la deuda p\u00fablica externa, o cerca a 5.290 millones de d\u00f3lares, fue destinada a actividades extractivistas o relacionadas con ellas, de acuerdo con el estudio Amazon\u00eda boliviana: Entre la deuda, crisis clim\u00e1tica y el extractivismo, realizado por la Plataforma Boliviana Frente al Cambio Clim\u00e1tico (PBFCC) y la Red Latinoamericana por Justicia Econ\u00f3mica y Social.<\/p>\n<p style=\"text-align: justify;\">El documento alerta que la dependencia de Bolivia de las actividades extractivas genera un alto impacto ambiental, que entre 2000 y 2022 produjo 2.000 millones de d\u00f3lares en p\u00e9rdidas por sequ\u00edas, incendios y otros siniestros.<\/p>\n<p style=\"text-align: justify;\">Asimismo, identifica un \u201cc\u00edrculo vicioso\u201d: la deuda se destina a fomentar actividades extractivas, que generan p\u00e9rdidas econ\u00f3micas por los impactos ambientales que deben ser subsanados con mayor adquisici\u00f3n de deuda.<\/p>\n<p style=\"text-align: justify;\">\u201cBolivia se endeuda para financiar actividades extractivas que generan da\u00f1os ambientales y debido a los millonarios da\u00f1os y p\u00e9rdidas econ\u00f3micas producidas por eventos clim\u00e1ticos extremos se requerir\u00e1 cada vez m\u00e1s dinero que debe ser financiado con nueva deuda\u201d, sostiene.<\/p>\n<p style=\"text-align: justify;\">El secretario t\u00e9cnico de la PBFCC, Juan Carlos Alarc\u00f3n, indic\u00f3 que, al a\u00f1o 2022, el 28% de la deuda externa estaba orientado a la construcci\u00f3n de carreteras para expandir la frontera agr\u00edcola y exportar productos agroindustriales o de otras actividades extractivistas.<\/p>\n<p style=\"text-align: justify;\">El servicio de la deuda entre 2019 y 2022 alcanz\u00f3 alrededor del 2,5% del PIB, mientras que el gasto ambiental en 2021 se estim\u00f3 tan s\u00f3lo en un 0,8%, de acuerdo al reporte.<\/p>\n<p style=\"text-align: justify;\">En esa l\u00ednea, se advirti\u00f3 que la denominada \u201cmarcha al norte\u201d, impulsada por el Gobierno de Luis Arce, en el departamento de La Paz, as\u00ed como el cultivo de palma africana para generar agrodi\u00e9sel, puede generar altos impactos ambientales.<\/p>\n<p style=\"text-align: justify;\">Ren\u00e9 Mart\u00ednez, investigador de la Fundaci\u00f3n Jubileo, dijo que la crisis clim\u00e1tica afecta al pa\u00eds, que demanda recursos que no dispone para paliar las emergencias, por lo que acude a la deuda.<\/p>\n<p style=\"text-align: justify;\">Alarc\u00f3n record\u00f3 que la \u00faltima sequ\u00eda gener\u00f3 considerables p\u00e9rdidas en el sector agroindustrial, pero tambi\u00e9n en actividades agroforestales en la Amazon\u00eda.<\/p>\n<p style=\"text-align: justify;\">\u201cSe ve un impacto inmediato con los incendios, la deforestaci\u00f3n y la sequ\u00eda, pero tambi\u00e9n un impacto m\u00e1s lento. Desde 2003 a 2022, hubo una p\u00e9rdida de 56% de los glaciares, lo que equivale a 39.000 hect\u00e1reas perdidas\u201d, dijo Alarc\u00f3n.<\/p>\n<p style=\"text-align: justify;\">Propuestas y alternativas<\/p>\n<p style=\"text-align: justify;\">El estudio plantea diversificar la econom\u00eda para disminuir la dependencia de actividades extractivas, como la explotaci\u00f3n de hidrocarburos, la minerales y la expansi\u00f3n de la agroindustria, y apostar por otras que generen desarrollo econ\u00f3mico preservando la naturaleza y el bienestar de la poblaci\u00f3n y los pueblos ind\u00edgenas.<\/p>\n<p style=\"text-align: justify;\">Ren\u00e9 Mart\u00ednez, de Jubileo, tambi\u00e9n se\u00f1al\u00f3 que se debe fijar l\u00edmites al endeudamiento y al gasto para evitar mayores d\u00e9ficits fiscales que dejar\u00e1n \u201cun peso muy grande\u201d para las pr\u00f3ximas gestiones.<\/p>\n","protected":false},"excerpt":{"rendered":"<p>Al 2022, casi el 40% de la deuda p\u00fablica externa, o cerca a 5.290 millones de d\u00f3lares, fue destinada a actividades extractivistas o relacionadas con ellas, de acuerdo con el estudio Amazon\u00eda boliviana: Entre la deuda, crisis clim\u00e1tica y el extractivismo, realizado por la Plataforma Boliviana Frente al Cambio Clim\u00e1tico (PBFCC) y la Red Latinoamericana [&hellip;]<\/p>\n","protected":false},"author":4,"featured_media":67772,"comment_status":"open","ping_status":"closed","sticky":false,"template":"","format":"standard","meta":{"footnotes":""},"categories":[25,45,48],"tags":[],"class_list":{"0":"post-67771","1":"post","2":"type-post","3":"status-publish","4":"format-standard","5":"has-post-thumbnail","7":"category-economia","8":"category-portada-economia","9":"category-portada-general-sitio"},"_links":{"self":[{"href":"https:\/\/jms.com.bo\/mediamonitor\/wp-json\/wp\/v2\/posts\/67771","targetHints":{"allow":["GET"]}}],"collection":[{"href":"https:\/\/jms.com.bo\/mediamonitor\/wp-json\/wp\/v2\/posts"}],"about":[{"href":"https:\/\/jms.com.bo\/mediamonitor\/wp-json\/wp\/v2\/types\/post"}],"author":[{"embeddable":true,"href":"https:\/\/jms.com.bo\/mediamonitor\/wp-json\/wp\/v2\/users\/4"}],"replies":[{"embeddable":true,"href":"https:\/\/jms.com.bo\/mediamonitor\/wp-json\/wp\/v2\/comments?post=67771"}],"version-history":[{"count":0,"href":"https:\/\/jms.com.bo\/mediamonitor\/wp-json\/wp\/v2\/posts\/67771\/revisions"}],"wp:featuredmedia":[{"embeddable":true,"href":"https:\/\/jms.com.bo\/mediamonitor\/wp-json\/wp\/v2\/media\/67772"}],"wp:attachment":[{"href":"https:\/\/jms.com.bo\/mediamonitor\/wp-json\/wp\/v2\/media?parent=67771"}],"wp:term":[{"taxonomy":"category","embeddable":true,"href":"https:\/\/jms.com.bo\/mediamonitor\/wp-json\/wp\/v2\/categories?post=67771"},{"taxonomy":"post_tag","embeddable":true,"href":"https:\/\/jms.com.bo\/mediamonitor\/wp-json\/wp\/v2\/tags?post=67771"}],"curies":[{"name":"wp","href":"https:\/\/api.w.org\/{rel}","templated":true}]}}