{"id":69966,"date":"2024-09-30T07:01:03","date_gmt":"2024-09-30T11:01:03","guid":{"rendered":"https:\/\/jms.com.bo\/mediamonitor\/2024\/09\/30\/el-gobierno-pide-a-la-asamblea-aprobar-creditos-por-us-325-mm-para-combatir-incendios\/"},"modified":"2024-09-30T07:01:03","modified_gmt":"2024-09-30T11:01:03","slug":"el-gobierno-pide-a-la-asamblea-aprobar-creditos-por-us-325-mm-para-combatir-incendios","status":"publish","type":"post","link":"https:\/\/jms.com.bo\/mediamonitor\/2024\/09\/30\/el-gobierno-pide-a-la-asamblea-aprobar-creditos-por-us-325-mm-para-combatir-incendios\/","title":{"rendered":"El Gobierno pide a la Asamblea aprobar cr\u00e9ditos por $us 325 MM para combatir incendios"},"content":{"rendered":"<p style=\"text-align: justify;\">Ante la solicitud de declaratoria de desastre nacional por actores pol\u00edticos y la sociedad civil, el viceministro de Defensa Civil, Juan Carlos Calvimontes, indic\u00f3 que este pedido \u201ctiene un alto contenido pol\u00edtico\u201d. Por el contrario, pidi\u00f3 a la Asamblea Legislativa aprobar dos cr\u00e9ditos externos destinados para emergencia de desastre natural y eventos adversos del clima.<\/p>\n<p style=\"text-align: justify;\">\u201cLa preocupaci\u00f3n que tenemos en este momento y de hace bastante tiempo, es que tenemos dos cr\u00e9ditos trabados en la Asamblea Legislativa\u201d, dijo la autoridad.<\/p>\n<p style=\"text-align: justify;\">Explic\u00f3 que uno de los cr\u00e9ditos es de $us 250 millones del Banco Interamericano de Desarrollo (BID) para ayudar a la emergencia de desastres naturales y salud p\u00fablica. El otro dijo que es del Banco de Desarrollo de Am\u00e9rica Latina (CAF) de $us 75 millones para el programa de apoyo y gesti\u00f3n de eventos adversos del clima.<\/p>\n<p style=\"text-align: justify;\">\u201cEn total suman 325 millones de d\u00f3lares. Si estos cr\u00e9ditos no hubieran sido trabados en la Asamblea, estoy seguro que las condiciones de combate contra los incendios hubieran tenido mejores resultados y hubi\u00e9ramos contado con mayores recursos. No hubi\u00e9ramos estado tan dependientes de la cooperaci\u00f3n internacional\u201d.<\/p>\n<p style=\"text-align: justify;\">Calvimontes reiter\u00f3 su solicitud de viabilizar estos dos cr\u00e9ditos que ayudar\u00e1n de \u201csobremanera\u201d a combatir las distintas situaciones adversas del clima, fundamentalmente los incendios forestales.<\/p>\n<p style=\"text-align: justify;\">Respecto a la declaratoria de desastre nacional, la autoridad indic\u00f3 que se est\u00e1n siguiendo todos los procedimientos administrativos, an\u00e1lisis y evaluaciones del comportamiento del incendio, sin embargo, explic\u00f3 que los recursos que se dispone en una declaratoria de emergencia nacional son para atender la prevenci\u00f3n, la atenci\u00f3n del evento y la recuperaci\u00f3n.<\/p>\n<p style=\"text-align: justify;\">En tanto, cuando se declara desastre nacional, la \u00fanica diferencia es que los recursos que se capta no se utilizan para prevenci\u00f3n, sino van directamente a la atenci\u00f3n y a la recuperaci\u00f3n.<\/p>\n<p style=\"text-align: justify;\">\u201cEn ambos casos nos permite realizar traspasos presupuestarios, recurrir a la contrataci\u00f3n y compra de bienes por excepci\u00f3n y a la apertura de cooperaci\u00f3n internacional. En este momento hemos recibido ayuda de la cooperaci\u00f3n internacional y con la declaratoria de desastres no habr\u00eda mucha diferencia, aquellos que creen que declarando desastre nacional se va aperturar mayores recursos de la cooperaci\u00f3n internacional, est\u00e1n equivocados\u201d.<\/p>\n<p style=\"text-align: justify;\">Reiter\u00f3 que la prioridad para el Gobierno es que la Asamblea aprueben los $us 325 millones que est\u00e1n destinados a la lucha contra los eventos adversos y contra los incendios forestales. \u201cEstoy seguro que la ayuda internacional que va a llegar no va a superar estos 325 millones que se tiene trabado en la Asamblea\u201d.<\/p>\n<p style=\"text-align: justify;\">Se\u00f1al\u00f3 tambi\u00e9n que la cooperaci\u00f3n internacional ya abri\u00f3 sus l\u00edneas de apoyo, sin embargo, dijo que se debe entender que los desastres naturales y \u201cahora\u201d los incendios forestales no son un tema solo de Bolivia, ya que lo est\u00e1 sufriendo Per\u00fa, Brasil, Colombia e incluso Estados Unidos y \u201cla cooperaci\u00f3n tiene que compartir con todos\u201d.<\/p>\n<p style=\"text-align: justify;\">\u201cNo nos podemos hacer muchas esperanzas que, si se declara desastre nacional, vamos a recibir much\u00edsimo m\u00e1s apoyo de lo que ya estamos recibiendo. Para nosotros ser\u00eda lo m\u00e1s importante que la Asamblea apruebe estos cr\u00e9ditos que si nos puede ayudar a combatir los distintos fen\u00f3menos adversos en el pa\u00eds\u201d.<\/p>\n","protected":false},"excerpt":{"rendered":"<p>Ante la solicitud de declaratoria de desastre nacional por actores pol\u00edticos y la sociedad civil, el viceministro de Defensa Civil, Juan Carlos Calvimontes, indic\u00f3 que este pedido \u201ctiene un alto contenido pol\u00edtico\u201d. Por el contrario, pidi\u00f3 a la Asamblea Legislativa aprobar dos cr\u00e9ditos externos destinados para emergencia de desastre natural y eventos adversos del clima. [&hellip;]<\/p>\n","protected":false},"author":4,"featured_media":69967,"comment_status":"open","ping_status":"closed","sticky":false,"template":"","format":"standard","meta":{"footnotes":""},"categories":[20],"tags":[],"class_list":{"0":"post-69966","1":"post","2":"type-post","3":"status-publish","4":"format-standard","5":"has-post-thumbnail","7":"category-actualidad"},"_links":{"self":[{"href":"https:\/\/jms.com.bo\/mediamonitor\/wp-json\/wp\/v2\/posts\/69966","targetHints":{"allow":["GET"]}}],"collection":[{"href":"https:\/\/jms.com.bo\/mediamonitor\/wp-json\/wp\/v2\/posts"}],"about":[{"href":"https:\/\/jms.com.bo\/mediamonitor\/wp-json\/wp\/v2\/types\/post"}],"author":[{"embeddable":true,"href":"https:\/\/jms.com.bo\/mediamonitor\/wp-json\/wp\/v2\/users\/4"}],"replies":[{"embeddable":true,"href":"https:\/\/jms.com.bo\/mediamonitor\/wp-json\/wp\/v2\/comments?post=69966"}],"version-history":[{"count":0,"href":"https:\/\/jms.com.bo\/mediamonitor\/wp-json\/wp\/v2\/posts\/69966\/revisions"}],"wp:featuredmedia":[{"embeddable":true,"href":"https:\/\/jms.com.bo\/mediamonitor\/wp-json\/wp\/v2\/media\/69967"}],"wp:attachment":[{"href":"https:\/\/jms.com.bo\/mediamonitor\/wp-json\/wp\/v2\/media?parent=69966"}],"wp:term":[{"taxonomy":"category","embeddable":true,"href":"https:\/\/jms.com.bo\/mediamonitor\/wp-json\/wp\/v2\/categories?post=69966"},{"taxonomy":"post_tag","embeddable":true,"href":"https:\/\/jms.com.bo\/mediamonitor\/wp-json\/wp\/v2\/tags?post=69966"}],"curies":[{"name":"wp","href":"https:\/\/api.w.org\/{rel}","templated":true}]}}