{"id":69968,"date":"2024-09-30T07:02:40","date_gmt":"2024-09-30T11:02:40","guid":{"rendered":"https:\/\/jms.com.bo\/mediamonitor\/2024\/09\/30\/director-de-naabol-en-santa-cruz-es-destituido-tras-el-hallazgo-de-192-fusiles-en-el-aeropuerto-de-viru-viru\/"},"modified":"2024-09-30T07:02:40","modified_gmt":"2024-09-30T11:02:40","slug":"director-de-naabol-en-santa-cruz-es-destituido-tras-el-hallazgo-de-192-fusiles-en-el-aeropuerto-de-viru-viru","status":"publish","type":"post","link":"https:\/\/jms.com.bo\/mediamonitor\/2024\/09\/30\/director-de-naabol-en-santa-cruz-es-destituido-tras-el-hallazgo-de-192-fusiles-en-el-aeropuerto-de-viru-viru\/","title":{"rendered":"Director de Naabol en Santa Cruz es destituido tras el hallazgo de 192 fusiles en el aeropuerto de Viru Viru"},"content":{"rendered":"<p style=\"text-align: justify;\">El ministro de Obras P\u00fablicas, Edgar Monta\u00f1o, anunci\u00f3 la destituci\u00f3n de R.C., director regional de Navegaci\u00f3n A\u00e9rea de Aeropuertos Bolivianos (Naabol) en Santa Cruz, tras el hallazgo de 192 fusiles en el aeropuerto de Viru Viru.<\/p>\n<p style=\"text-align: justify;\">\u201cNosotros ya hemos destituido al director regional de Naabol, pero adem\u00e1s de eso nos hemos adherido a la denuncia. Nada de lo que se refiere al tema de drogas o actos il\u00edcitos nosotros vamos a tener contemplaci\u00f3n\u201d, afirm\u00f3 Monta\u00f1o en conferencia de prensa.<\/p>\n<p style=\"text-align: justify;\">El exdirector de Naabol fue aprehendido el jueves por su presunta implicaci\u00f3n en el tr\u00e1fico de 192 armas de grueso calibre. La comisi\u00f3n de fiscales hall\u00f3 indicios que lo vinculan con el caso, tras su declaraci\u00f3n como testigo.<\/p>\n<p style=\"text-align: justify;\">La comisi\u00f3n de fiscales determin\u00f3 que R.C. podr\u00eda haber facilitado el ingreso de estas armas sin cumplir con los procedimientos legales correspondientes, lo que motiv\u00f3 su aprehensi\u00f3n.<\/p>\n<p style=\"text-align: justify;\">Adem\u00e1s, la Fiscal\u00eda aprehendi\u00f3 a un abogado al que presuntamente ayud\u00f3 agilizando los tr\u00e1mites legales para que la Aduana despache estas armas que llegaron procedentes de Turqu\u00eda, seg\u00fan inform\u00f3 El Deber.<\/p>\n<p style=\"text-align: justify;\">\u201cYa est\u00e1 en curso una investigaci\u00f3n. Se est\u00e1 citando a las personas que los fiscales y peritos en la materia creen que est\u00e1n involucrados y nosotros puertas abiertas para que todos los funcionarios puedan ir a declarar si as\u00ed lo amerita\u201d, dijo Monta\u00f1o.<\/p>\n<p style=\"text-align: justify;\">El caso se refiere a la importaci\u00f3n ilegal de 192 armas de uso militar que llegaron desde Turqu\u00eda, pasaron por Colombia y fueron encontradas el 21 de septiembre en los dep\u00f3sitos del aeropuerto cruce\u00f1o. Las armas, que incluyen fusiles de asalto, escopetas y carabinas, deb\u00edan contar con la autorizaci\u00f3n del Ministerio de Defensa para su ingreso al pa\u00eds, por tratarse de material b\u00e9lico de uso exclusivo.<\/p>\n<p style=\"text-align: justify;\">Adem\u00e1s de R.C., dos exuniformados \u2014un exmilitar y un ex polic\u00eda\u2014 tambi\u00e9n est\u00e1n implicados en el caso, al igual que otros funcionarios p\u00fablicos que podr\u00edan haber colaborado en el ingreso del armamento al pa\u00eds.<\/p>\n<p style=\"text-align: justify;\">\n","protected":false},"excerpt":{"rendered":"<p>El ministro de Obras P\u00fablicas, Edgar Monta\u00f1o, anunci\u00f3 la destituci\u00f3n de R.C., director regional de Navegaci\u00f3n A\u00e9rea de Aeropuertos Bolivianos (Naabol) en Santa Cruz, tras el hallazgo de 192 fusiles en el aeropuerto de Viru Viru. \u201cNosotros ya hemos destituido al director regional de Naabol, pero adem\u00e1s de eso nos hemos adherido a la denuncia. [&hellip;]<\/p>\n","protected":false},"author":4,"featured_media":69969,"comment_status":"open","ping_status":"closed","sticky":false,"template":"","format":"standard","meta":{"footnotes":""},"categories":[20],"tags":[],"class_list":{"0":"post-69968","1":"post","2":"type-post","3":"status-publish","4":"format-standard","5":"has-post-thumbnail","7":"category-actualidad"},"_links":{"self":[{"href":"https:\/\/jms.com.bo\/mediamonitor\/wp-json\/wp\/v2\/posts\/69968","targetHints":{"allow":["GET"]}}],"collection":[{"href":"https:\/\/jms.com.bo\/mediamonitor\/wp-json\/wp\/v2\/posts"}],"about":[{"href":"https:\/\/jms.com.bo\/mediamonitor\/wp-json\/wp\/v2\/types\/post"}],"author":[{"embeddable":true,"href":"https:\/\/jms.com.bo\/mediamonitor\/wp-json\/wp\/v2\/users\/4"}],"replies":[{"embeddable":true,"href":"https:\/\/jms.com.bo\/mediamonitor\/wp-json\/wp\/v2\/comments?post=69968"}],"version-history":[{"count":0,"href":"https:\/\/jms.com.bo\/mediamonitor\/wp-json\/wp\/v2\/posts\/69968\/revisions"}],"wp:featuredmedia":[{"embeddable":true,"href":"https:\/\/jms.com.bo\/mediamonitor\/wp-json\/wp\/v2\/media\/69969"}],"wp:attachment":[{"href":"https:\/\/jms.com.bo\/mediamonitor\/wp-json\/wp\/v2\/media?parent=69968"}],"wp:term":[{"taxonomy":"category","embeddable":true,"href":"https:\/\/jms.com.bo\/mediamonitor\/wp-json\/wp\/v2\/categories?post=69968"},{"taxonomy":"post_tag","embeddable":true,"href":"https:\/\/jms.com.bo\/mediamonitor\/wp-json\/wp\/v2\/tags?post=69968"}],"curies":[{"name":"wp","href":"https:\/\/api.w.org\/{rel}","templated":true}]}}