{"id":69970,"date":"2024-09-30T07:06:04","date_gmt":"2024-09-30T11:06:04","guid":{"rendered":"https:\/\/jms.com.bo\/mediamonitor\/2024\/09\/30\/el-gobierno-cede-ante-interculturales-y-acuerda-regionalizar-la-pausa-ambiental\/"},"modified":"2024-09-30T07:06:04","modified_gmt":"2024-09-30T11:06:04","slug":"el-gobierno-cede-ante-interculturales-y-acuerda-regionalizar-la-pausa-ambiental","status":"publish","type":"post","link":"https:\/\/jms.com.bo\/mediamonitor\/2024\/09\/30\/el-gobierno-cede-ante-interculturales-y-acuerda-regionalizar-la-pausa-ambiental\/","title":{"rendered":"El Gobierno cede ante Interculturales y acuerda regionalizar la pausa ambiental"},"content":{"rendered":"<p style=\"text-align: justify;\">El Gobierno cedi\u00f3 ante la organizaci\u00f3n de los Interculturales afines al MAS y se comprometi\u00f3 a modificar el contenido de los decretos supremos 5203 y 5225, en beneficio de ese sector, que levant\u00f3 el bloqueo de caminos que inici\u00f3 el martes en la carretera que une La Paz con Beni. El acuerdo establece la disminuci\u00f3n las sanciones contra los responsables de los chaqueos ilegales y la regionalici\u00f3n la pausa ambiental, seg\u00fan las necesidades de ese sector.<\/p>\n<p style=\"text-align: justify;\">Los decretos supremos 5203 y 5225, promulgados el 11 de septiembre, por los millones de hect\u00e1reas deforestadas por el fuego, se\u00f1alan el incremento de las sanciones para los responsables de generar incendios forestales, adem\u00e1s que establec\u00edan una \u201cpausa ambiental indefinida\u201d a nivel nacional. El viernes, se confirm\u00f3 que en Bolivia ya se destruyeron m\u00e1s de 7 millones de hect\u00e1reas.<\/p>\n<p style=\"text-align: justify;\">\u201cLa pausa ambiental, lo que m\u00e1s preocupaba (a los Interculturales) era la suspensi\u00f3n de las autorizaciones de quema (que otorga la ABT), y en esto tambi\u00e9n hemos sido muy precisos, orientamos a que el trabajo en las mesas t\u00e9cnicas con la reglamentaci\u00f3n se va poder establecer calendarios (de chaqueo), regionalizaci\u00f3n, porque no es lo mismo en todos los departamentos\u201d, declar\u00f3 el ministro de Medio Ambiente y Agua, Alan Lispeguer, en entrevista con Radio Origen Yucumo.<\/p>\n<p style=\"text-align: justify;\">Recordemos que el martes el sector de los Interculturales, con la Federaci\u00f3n de Productores Agroecol\u00f3gicos de Yucumo (Fepay) y la Federaci\u00f3n de Campesinos de Rurrenabaque (Fecar), iniciaron un bloqueo en la carretera que une La Paz con Beni. Sus dirigentes ped\u00edan que se abroguen los decretos supremos 5203 y 5225, con el argumento de que si no chaqueban no podr\u00edan generar recursos econ\u00f3micos para pagar pr\u00e9stamos del banco.<\/p>\n<p style=\"text-align: justify;\">Adem\u00e1s de impedir el paso de v\u00edveres y recursos para la lucha contra los incendios, en otros municipios de Beni, los bloqueadores apedrearon a viajeros y buses de transporte interdepartamental que intentaron pasar. En el caso de Yucumo, se produjeron cuatro personas heridas, una de ellas por una piedra que un intercultural le arroj\u00f3 a la cabeza, como se ven en los videos de los medios de comunicaci\u00f3n locales.<\/p>\n<p style=\"text-align: justify;\">El viceministro de Seguridad Ciudadana, Roberto R\u00edos, calific\u00f3 estas medidas de violentas e inform\u00f3 que un contingente de la Polic\u00eda estaba en el lugar, pero este no intervino el bloqueo, pese a los pedidos de choferes, pasajeros y personal que apoya a los bomberos voluntarios, quienes ped\u00edan pasar con la ayuda para mitigar los incendios.<\/p>\n<p style=\"text-align: justify;\">En ese contexto, ayer, una comisi\u00f3n encabezada por el ministro Lispenguer se present\u00f3 en el punto de bloqueo, para instalar una mesa de di\u00e1logo. A las 15:15, aproximadamente, la autoridad dio parte de las conclusiones que luego se firmaron en un acta.<\/p>\n<p style=\"text-align: justify;\">\u201cLo que m\u00e1s preocupaba era la superficie (que se autoriza chaquear), el c\u00e1lculo por la superficie del predio, es eso lo que se est\u00e1 observando (por parte de los Interculturales), entonces estamos de acuerdo en que eso se va a modificar en ese decreto\u201d, afirm\u00f3 el ministro.<\/p>\n<p style=\"text-align: justify;\">El acta de la reuni\u00f3n se\u00f1ala: 1. Modificaci\u00f3n del decreto 5203 y reglamentaci\u00f3n. 2. Reglamentaci\u00f3n y regionalizaci\u00f3n del Decreto Supremo 5225 y 3. Cuarto intermedio del bloqueo de caminos, mientras dure la mesa de trabajo.<\/p>\n<p style=\"text-align: justify;\">\n","protected":false},"excerpt":{"rendered":"<p>El Gobierno cedi\u00f3 ante la organizaci\u00f3n de los Interculturales afines al MAS y se comprometi\u00f3 a modificar el contenido de los decretos supremos 5203 y 5225, en beneficio de ese sector, que levant\u00f3 el bloqueo de caminos que inici\u00f3 el martes en la carretera que une La Paz con Beni. El acuerdo establece la disminuci\u00f3n [&hellip;]<\/p>\n","protected":false},"author":4,"featured_media":69971,"comment_status":"open","ping_status":"closed","sticky":false,"template":"","format":"standard","meta":{"footnotes":""},"categories":[20,47,48],"tags":[],"class_list":{"0":"post-69970","1":"post","2":"type-post","3":"status-publish","4":"format-standard","5":"has-post-thumbnail","7":"category-actualidad","8":"category-portada-actualidad","9":"category-portada-general-sitio"},"_links":{"self":[{"href":"https:\/\/jms.com.bo\/mediamonitor\/wp-json\/wp\/v2\/posts\/69970","targetHints":{"allow":["GET"]}}],"collection":[{"href":"https:\/\/jms.com.bo\/mediamonitor\/wp-json\/wp\/v2\/posts"}],"about":[{"href":"https:\/\/jms.com.bo\/mediamonitor\/wp-json\/wp\/v2\/types\/post"}],"author":[{"embeddable":true,"href":"https:\/\/jms.com.bo\/mediamonitor\/wp-json\/wp\/v2\/users\/4"}],"replies":[{"embeddable":true,"href":"https:\/\/jms.com.bo\/mediamonitor\/wp-json\/wp\/v2\/comments?post=69970"}],"version-history":[{"count":0,"href":"https:\/\/jms.com.bo\/mediamonitor\/wp-json\/wp\/v2\/posts\/69970\/revisions"}],"wp:featuredmedia":[{"embeddable":true,"href":"https:\/\/jms.com.bo\/mediamonitor\/wp-json\/wp\/v2\/media\/69971"}],"wp:attachment":[{"href":"https:\/\/jms.com.bo\/mediamonitor\/wp-json\/wp\/v2\/media?parent=69970"}],"wp:term":[{"taxonomy":"category","embeddable":true,"href":"https:\/\/jms.com.bo\/mediamonitor\/wp-json\/wp\/v2\/categories?post=69970"},{"taxonomy":"post_tag","embeddable":true,"href":"https:\/\/jms.com.bo\/mediamonitor\/wp-json\/wp\/v2\/tags?post=69970"}],"curies":[{"name":"wp","href":"https:\/\/api.w.org\/{rel}","templated":true}]}}