{"id":69992,"date":"2024-09-30T07:30:43","date_gmt":"2024-09-30T11:30:43","guid":{"rendered":"https:\/\/jms.com.bo\/mediamonitor\/2024\/09\/30\/brasil-no-compensara-por-perdida-del-mercado-argentino\/"},"modified":"2024-09-30T07:30:43","modified_gmt":"2024-09-30T11:30:43","slug":"brasil-no-compensara-por-perdida-del-mercado-argentino","status":"publish","type":"post","link":"https:\/\/jms.com.bo\/mediamonitor\/2024\/09\/30\/brasil-no-compensara-por-perdida-del-mercado-argentino\/","title":{"rendered":"Brasil no compensar\u00e1 por p\u00e9rdida del mercado argentino"},"content":{"rendered":"<p style=\"text-align: justify;\">Ante la suspensi\u00f3n de los env\u00edos de gas a la Argentina y tras los anuncios de autoridades del sector hidrocarburos de que Brasil tomar\u00e1 el lugar. La Fundaci\u00f3n Jubileo se\u00f1ala que no compensar\u00e1 el pa\u00eds carioca la p\u00e9rdida.<\/p>\n<p style=\"text-align: justify;\">\u201cLos 4,8 millones de metros c\u00fabicos d\u00eda (MMmcd) promedio que se estaban exportando a Argentina se dejar\u00e1n de producir el 2025. En promedio de los \u00faltimos cuatro a\u00f1os, el pa\u00eds dej\u00f3 de producir 3 MMmcd por a\u00f1o debido a la declinaci\u00f3n de los campos de gas\u201d, recuerda la Fundaci\u00f3n Jubileo.<\/p>\n<p style=\"text-align: justify;\">La exportaci\u00f3n de gas a Argentina lleg\u00f3 a su fin, despu\u00e9s de muchos a\u00f1os. La producci\u00f3n de Vaca Muerta reemplazar\u00e1 al gas boliviano, y se proyecta a otros mercados de la regi\u00f3n, como Brasil y Paraguay.<\/p>\n<p style=\"text-align: justify;\">Bolivia dejar\u00e1 de percibir 50 millones de d\u00f3lares al mes. De este monto, 26 millones mensuales eran redistribuidos a gobernaciones, municipios, universidades p\u00fablicas, Fondo Ind\u00edgena, Renta Dignidad y TGN.<\/p>\n<p style=\"text-align: justify;\">Los 50 millones de d\u00f3lares que recib\u00eda el pa\u00eds en la actualidad ya estaban muy por debajo del promedio de 130 millones mensuales que se percib\u00eda el a\u00f1o 2015, seg\u00fan Jubileo.<br \/>\nPor otro lado, esos 50 millones de d\u00f3lares mensuales por las exportaciones de gas a Argentina eran ingresos en divisas.<\/p>\n<p style=\"text-align: justify;\">Oficial<\/p>\n<p style=\"text-align: justify;\">Mientras tanto, el volumen exportable de gas natural que Yacimientos Petrol\u00edferos Fiscales Bolivianos comercializaba a la empresa Energ\u00eda Argentina S.A. (Enarsa), ser\u00e1 enviado a nuevos clientes de la Rep\u00fablica Federativa del Brasil a precios competitivos, indic\u00f3 el presidente de YPFB, Armin Dorgathen Tapia, el pasado jueves.<\/p>\n<p style=\"text-align: justify;\">Bolivia ingresa a los contratos de corto plazo debido a la ca\u00edda de las reservas y la producci\u00f3n de gas. Se observa de lejos los acuerdos que suscribi\u00f3 Bolivia con Brasil y Argentina.<\/p>\n<p style=\"text-align: justify;\">El analista Mauricio Medinaceli, en su momento, anticip\u00f3 que la falta de informaci\u00f3n sobre reservas de gas perjudica al pa\u00eds, pues no podr\u00eda suscribir acuerdos de largo plazo.<\/p>\n","protected":false},"excerpt":{"rendered":"<p>Ante la suspensi\u00f3n de los env\u00edos de gas a la Argentina y tras los anuncios de autoridades del sector hidrocarburos de que Brasil tomar\u00e1 el lugar. La Fundaci\u00f3n Jubileo se\u00f1ala que no compensar\u00e1 el pa\u00eds carioca la p\u00e9rdida. \u201cLos 4,8 millones de metros c\u00fabicos d\u00eda (MMmcd) promedio que se estaban exportando a Argentina se dejar\u00e1n [&hellip;]<\/p>\n","protected":false},"author":4,"featured_media":69993,"comment_status":"open","ping_status":"closed","sticky":false,"template":"","format":"standard","meta":{"footnotes":""},"categories":[40,23],"tags":[],"class_list":{"0":"post-69992","1":"post","2":"type-post","3":"status-publish","4":"format-standard","5":"has-post-thumbnail","7":"category-bolivia","8":"category-hidrocarburos"},"_links":{"self":[{"href":"https:\/\/jms.com.bo\/mediamonitor\/wp-json\/wp\/v2\/posts\/69992","targetHints":{"allow":["GET"]}}],"collection":[{"href":"https:\/\/jms.com.bo\/mediamonitor\/wp-json\/wp\/v2\/posts"}],"about":[{"href":"https:\/\/jms.com.bo\/mediamonitor\/wp-json\/wp\/v2\/types\/post"}],"author":[{"embeddable":true,"href":"https:\/\/jms.com.bo\/mediamonitor\/wp-json\/wp\/v2\/users\/4"}],"replies":[{"embeddable":true,"href":"https:\/\/jms.com.bo\/mediamonitor\/wp-json\/wp\/v2\/comments?post=69992"}],"version-history":[{"count":0,"href":"https:\/\/jms.com.bo\/mediamonitor\/wp-json\/wp\/v2\/posts\/69992\/revisions"}],"wp:featuredmedia":[{"embeddable":true,"href":"https:\/\/jms.com.bo\/mediamonitor\/wp-json\/wp\/v2\/media\/69993"}],"wp:attachment":[{"href":"https:\/\/jms.com.bo\/mediamonitor\/wp-json\/wp\/v2\/media?parent=69992"}],"wp:term":[{"taxonomy":"category","embeddable":true,"href":"https:\/\/jms.com.bo\/mediamonitor\/wp-json\/wp\/v2\/categories?post=69992"},{"taxonomy":"post_tag","embeddable":true,"href":"https:\/\/jms.com.bo\/mediamonitor\/wp-json\/wp\/v2\/tags?post=69992"}],"curies":[{"name":"wp","href":"https:\/\/api.w.org\/{rel}","templated":true}]}}