{"id":70000,"date":"2024-10-01T06:57:47","date_gmt":"2024-10-01T10:57:47","guid":{"rendered":"https:\/\/jms.com.bo\/mediamonitor\/2024\/10\/01\/cumbre-del-cancer-analizara-la-suba-de-casos-y-falta-de-recursos\/"},"modified":"2024-10-01T06:57:47","modified_gmt":"2024-10-01T10:57:47","slug":"cumbre-del-cancer-analizara-la-suba-de-casos-y-falta-de-recursos","status":"publish","type":"post","link":"https:\/\/jms.com.bo\/mediamonitor\/2024\/10\/01\/cumbre-del-cancer-analizara-la-suba-de-casos-y-falta-de-recursos\/","title":{"rendered":"Cumbre del C\u00e1ncer analizar\u00e1 la suba de casos y falta de recursos"},"content":{"rendered":"<p style=\"text-align: justify;\">El 24 y 25 de octubre, la ciudad de Tarija ser\u00e1 sede de la III Cumbre Nacional del C\u00e1ncer, un evento de gran relevancia que reunir\u00e1 a expertos, asociaciones de pacientes y autoridades para abordar la situaci\u00f3n alarmante del c\u00e1ncer en Bolivia. La Cumbre, que se llevar\u00e1 a cabo en el Patio del Cabildo, tiene como objetivo analizar el cumplimiento de la Ley Nacional del C\u00e1ncer, la creciente demanda de atenci\u00f3n oncol\u00f3gica y las propuestas necesarias para mejorar la calidad de vida de los pacientes. Los resultados de esta actividad ser\u00e1n presentados a las autoridades nacionales en busca de soluciones urgentes.<\/p>\n<p style=\"text-align: justify;\">La situaci\u00f3n de los pacientes con c\u00e1ncer en Tarija ha llegado a un punto cr\u00edtico. Yudith Riquelme, presidenta de la Asociaci\u00f3n Esperanza de Vida contra el C\u00e1ncer, destaca que el n\u00famero de pacientes sigue en aumento, sin que haya una infraestructura adecuada para atenderlos. En 2015 comenz\u00f3 la construcci\u00f3n del Hospital Oncol\u00f3gico de Tarija, un proyecto que fue interrumpido tras la rescisi\u00f3n de contrato con la empresa constructora, y que, hasta la fecha, no ha sido retomado.<\/p>\n<p style=\"text-align: justify;\">Explic\u00f3 que los pacientes de Tarija tienen que ser transferidos a otras ciudades como La Paz, Cochabamba o Santa Cruz, mientras que otros deben viajar a Argentina en busca de tratamiento, lo que genera no solo desgaste f\u00edsico y emocional, sino tambi\u00e9n un alto costo econ\u00f3mico para las familias.<\/p>\n<p style=\"text-align: justify;\">Riquelme indic\u00f3 que el Hospital Oncol\u00f3gico era una esperanza para los cientos de pacientes que requieren atenci\u00f3n especializada. Sin embargo, la paralizaci\u00f3n del proyecto ha dejado a los enfermos en una situaci\u00f3n de extrema vulnerabilidad.<\/p>\n<p style=\"text-align: justify;\">Otra preocupaci\u00f3n que afecta a los pacientes con c\u00e1ncer es el encarecimiento de los medicamentos oncol\u00f3gicos. La falta de d\u00f3lares en el mercado ha influido directamente en la importaci\u00f3n de estos productos, elevando los precios y dificultando el acceso a tratamientos esenciales.<\/p>\n<p style=\"text-align: justify;\">La III Cumbre Nacional del C\u00e1ncer buscar\u00e1 visibilizar estos problemas y presentar propuestas para mejorar la situaci\u00f3n de los pacientes. La Ley Nacional del C\u00e1ncer, que fue promulgada con la promesa de garantizar el acceso gratuito a tratamientos y medicamentos, a\u00fan enfrenta grandes desaf\u00edos en su implementaci\u00f3n, seg\u00fan organizaciones de pacientes.<\/p>\n<p style=\"text-align: justify;\">Durante el evento, se espera la participaci\u00f3n de asociaciones de todo el pa\u00eds y de representantes de entidades de salud. Adem\u00e1s, se ha solicitado informaci\u00f3n actualizada sobre la cantidad de casos de c\u00e1ncer en Tarija, un dato que ser\u00e1 revelado durante la cumbre y que servir\u00e1 para profundizar en el an\u00e1lisis de la situaci\u00f3n local.<\/p>\n<p style=\"text-align: justify;\">Riquelme se\u00f1al\u00f3 que es urgente realizar un estudio para identificar las causas del aumento de los casos de c\u00e1ncer en la regi\u00f3n. \u00abEn Tarija, no sabemos qu\u00e9 est\u00e1 provocando este aumento en la incidencia de la enfermedad. No se ha hecho un estudio serio para identificar las causas\u00bb, enfatiz\u00f3.<\/p>\n","protected":false},"excerpt":{"rendered":"<p>El 24 y 25 de octubre, la ciudad de Tarija ser\u00e1 sede de la III Cumbre Nacional del C\u00e1ncer, un evento de gran relevancia que reunir\u00e1 a expertos, asociaciones de pacientes y autoridades para abordar la situaci\u00f3n alarmante del c\u00e1ncer en Bolivia. La Cumbre, que se llevar\u00e1 a cabo en el Patio del Cabildo, tiene [&hellip;]<\/p>\n","protected":false},"author":4,"featured_media":70001,"comment_status":"open","ping_status":"closed","sticky":false,"template":"","format":"standard","meta":{"footnotes":""},"categories":[53],"tags":[],"class_list":{"0":"post-70000","1":"post","2":"type-post","3":"status-publish","4":"format-standard","5":"has-post-thumbnail","7":"category-salud"},"_links":{"self":[{"href":"https:\/\/jms.com.bo\/mediamonitor\/wp-json\/wp\/v2\/posts\/70000","targetHints":{"allow":["GET"]}}],"collection":[{"href":"https:\/\/jms.com.bo\/mediamonitor\/wp-json\/wp\/v2\/posts"}],"about":[{"href":"https:\/\/jms.com.bo\/mediamonitor\/wp-json\/wp\/v2\/types\/post"}],"author":[{"embeddable":true,"href":"https:\/\/jms.com.bo\/mediamonitor\/wp-json\/wp\/v2\/users\/4"}],"replies":[{"embeddable":true,"href":"https:\/\/jms.com.bo\/mediamonitor\/wp-json\/wp\/v2\/comments?post=70000"}],"version-history":[{"count":0,"href":"https:\/\/jms.com.bo\/mediamonitor\/wp-json\/wp\/v2\/posts\/70000\/revisions"}],"wp:featuredmedia":[{"embeddable":true,"href":"https:\/\/jms.com.bo\/mediamonitor\/wp-json\/wp\/v2\/media\/70001"}],"wp:attachment":[{"href":"https:\/\/jms.com.bo\/mediamonitor\/wp-json\/wp\/v2\/media?parent=70000"}],"wp:term":[{"taxonomy":"category","embeddable":true,"href":"https:\/\/jms.com.bo\/mediamonitor\/wp-json\/wp\/v2\/categories?post=70000"},{"taxonomy":"post_tag","embeddable":true,"href":"https:\/\/jms.com.bo\/mediamonitor\/wp-json\/wp\/v2\/tags?post=70000"}],"curies":[{"name":"wp","href":"https:\/\/api.w.org\/{rel}","templated":true}]}}