{"id":70004,"date":"2024-10-01T07:00:44","date_gmt":"2024-10-01T11:00:44","guid":{"rendered":"https:\/\/jms.com.bo\/mediamonitor\/2024\/10\/01\/gobierno-acuerda-con-interculturales-regionalizar-la-pausa-ambiental\/"},"modified":"2024-10-01T07:00:44","modified_gmt":"2024-10-01T11:00:44","slug":"gobierno-acuerda-con-interculturales-regionalizar-la-pausa-ambiental","status":"publish","type":"post","link":"https:\/\/jms.com.bo\/mediamonitor\/2024\/10\/01\/gobierno-acuerda-con-interculturales-regionalizar-la-pausa-ambiental\/","title":{"rendered":"Gobierno acuerda con interculturales regionalizar la pausa ambiental"},"content":{"rendered":"<p style=\"text-align: justify;\">El Gobierno acord\u00f3 con sectores interculturales afines al MAS y se comprometi\u00f3 a modificar el contenido de los decretos supremos 5203 y 5225, en beneficio de ese sector, que levant\u00f3 el bloqueo de caminos que inici\u00f3 el martes en la carretera que une La Paz con Beni. El acuerdo establece la disminuci\u00f3n de las sanciones contra los responsables de los chaqueos ilegales y la regionalizaci\u00f3n de la pausa ambiental, seg\u00fan las necesidades de ese sector.<\/p>\n<p style=\"text-align: justify;\">Los decretos supremos 5203 y 5225, promulgados el 11 de septiembre, por los millones de hect\u00e1reas deforestadas por el fuego, se\u00f1alan el incremento de las sanciones para los responsables de generar incendios forestales, adem\u00e1s que establec\u00edan una \u201cpausa ambiental indefinida\u201d en el pa\u00eds. El viernes, se confirm\u00f3 que en Bolivia ya se destruyeron m\u00e1s de 7 millones de hect\u00e1reas, seg\u00fan el portal Visi\u00f3n 360.<\/p>\n<p style=\"text-align: justify;\">\u201cLa pausa ambiental, lo que m\u00e1s preocupaba (a los interculturales) era la suspensi\u00f3n de las autorizaciones de quema (que otorga la ABT), y en esto tambi\u00e9n hemos sido muy precisos, orientamos a que el trabajo en las mesas t\u00e9cnicas con la reglamentaci\u00f3n se va a poder establecer calendarios (de chaqueo), regionalizaci\u00f3n, porque no es lo mismo en todos los departamentos\u201d, declar\u00f3 el ministro de Medio Ambiente y Agua, Alan Lispeguer, en entrevista con Radio Origen Yucumo.<\/p>\n","protected":false},"excerpt":{"rendered":"<p>El Gobierno acord\u00f3 con sectores interculturales afines al MAS y se comprometi\u00f3 a modificar el contenido de los decretos supremos 5203 y 5225, en beneficio de ese sector, que levant\u00f3 el bloqueo de caminos que inici\u00f3 el martes en la carretera que une La Paz con Beni. El acuerdo establece la disminuci\u00f3n de las sanciones [&hellip;]<\/p>\n","protected":false},"author":4,"featured_media":70005,"comment_status":"open","ping_status":"closed","sticky":false,"template":"","format":"standard","meta":{"footnotes":""},"categories":[49],"tags":[],"class_list":{"0":"post-70004","1":"post","2":"type-post","3":"status-publish","4":"format-standard","5":"has-post-thumbnail","7":"category-social"},"_links":{"self":[{"href":"https:\/\/jms.com.bo\/mediamonitor\/wp-json\/wp\/v2\/posts\/70004","targetHints":{"allow":["GET"]}}],"collection":[{"href":"https:\/\/jms.com.bo\/mediamonitor\/wp-json\/wp\/v2\/posts"}],"about":[{"href":"https:\/\/jms.com.bo\/mediamonitor\/wp-json\/wp\/v2\/types\/post"}],"author":[{"embeddable":true,"href":"https:\/\/jms.com.bo\/mediamonitor\/wp-json\/wp\/v2\/users\/4"}],"replies":[{"embeddable":true,"href":"https:\/\/jms.com.bo\/mediamonitor\/wp-json\/wp\/v2\/comments?post=70004"}],"version-history":[{"count":0,"href":"https:\/\/jms.com.bo\/mediamonitor\/wp-json\/wp\/v2\/posts\/70004\/revisions"}],"wp:featuredmedia":[{"embeddable":true,"href":"https:\/\/jms.com.bo\/mediamonitor\/wp-json\/wp\/v2\/media\/70005"}],"wp:attachment":[{"href":"https:\/\/jms.com.bo\/mediamonitor\/wp-json\/wp\/v2\/media?parent=70004"}],"wp:term":[{"taxonomy":"category","embeddable":true,"href":"https:\/\/jms.com.bo\/mediamonitor\/wp-json\/wp\/v2\/categories?post=70004"},{"taxonomy":"post_tag","embeddable":true,"href":"https:\/\/jms.com.bo\/mediamonitor\/wp-json\/wp\/v2\/tags?post=70004"}],"curies":[{"name":"wp","href":"https:\/\/api.w.org\/{rel}","templated":true}]}}