{"id":70006,"date":"2024-10-01T07:03:25","date_gmt":"2024-10-01T11:03:25","guid":{"rendered":"https:\/\/jms.com.bo\/mediamonitor\/2024\/10\/01\/medicos-ahora-impulsan-nueva-ley-de-pensiones\/"},"modified":"2024-10-01T07:03:25","modified_gmt":"2024-10-01T11:03:25","slug":"medicos-ahora-impulsan-nueva-ley-de-pensiones","status":"publish","type":"post","link":"https:\/\/jms.com.bo\/mediamonitor\/2024\/10\/01\/medicos-ahora-impulsan-nueva-ley-de-pensiones\/","title":{"rendered":"M\u00e9dicos ahora impulsan nueva Ley de Pensiones"},"content":{"rendered":"<p style=\"text-align: justify;\">Luego de la aprobaci\u00f3n del Proyecto de Ley 035, de Modificaci\u00f3n de la Ley del Sistema de Pensiones, donde finalmente fue eliminada su pol\u00e9mica disposici\u00f3n adicional de \u201cjubilaci\u00f3n forzosa\u201d a los 65 a\u00f1os de edad, el Sindicato de Ramas M\u00e9dicas de Salud P\u00fablica (Sirmes) ahora impulsa una nueva ley de pensiones.<\/p>\n<p style=\"text-align: justify;\">\u201cDe aqu\u00ed en m\u00e1s queda para nosotros, como Comit\u00e9 Interinstitucional y sector salud, hacer un estudio minucioso de un proyecto de ley de pensiones que pueda reemplazar a la 065 que est\u00e1 vigente por muchos a\u00f1os\u201d, dijo en d\u00edas pasados a Correo del Sur Radio el ejecutivo del Sirmes Chuquisaca, Gonzalo D\u00edaz.<\/p>\n<p style=\"text-align: justify;\">Agreg\u00f3 que el Comit\u00e9 Interinstitucional vio por conveniente que en esta nueva norma sean favorecidos todos los sectores que vayan a aportar y no solamente unos sectores, tal como se preve\u00eda en la disposici\u00f3n adicional \u00fanica presentada en el Proyecto de Ley 035.<\/p>\n","protected":false},"excerpt":{"rendered":"<p>Luego de la aprobaci\u00f3n del Proyecto de Ley 035, de Modificaci\u00f3n de la Ley del Sistema de Pensiones, donde finalmente fue eliminada su pol\u00e9mica disposici\u00f3n adicional de \u201cjubilaci\u00f3n forzosa\u201d a los 65 a\u00f1os de edad, el Sindicato de Ramas M\u00e9dicas de Salud P\u00fablica (Sirmes) ahora impulsa una nueva ley de pensiones. \u201cDe aqu\u00ed en m\u00e1s [&hellip;]<\/p>\n","protected":false},"author":4,"featured_media":70007,"comment_status":"open","ping_status":"closed","sticky":false,"template":"","format":"standard","meta":{"footnotes":""},"categories":[49],"tags":[],"class_list":{"0":"post-70006","1":"post","2":"type-post","3":"status-publish","4":"format-standard","5":"has-post-thumbnail","7":"category-social"},"_links":{"self":[{"href":"https:\/\/jms.com.bo\/mediamonitor\/wp-json\/wp\/v2\/posts\/70006","targetHints":{"allow":["GET"]}}],"collection":[{"href":"https:\/\/jms.com.bo\/mediamonitor\/wp-json\/wp\/v2\/posts"}],"about":[{"href":"https:\/\/jms.com.bo\/mediamonitor\/wp-json\/wp\/v2\/types\/post"}],"author":[{"embeddable":true,"href":"https:\/\/jms.com.bo\/mediamonitor\/wp-json\/wp\/v2\/users\/4"}],"replies":[{"embeddable":true,"href":"https:\/\/jms.com.bo\/mediamonitor\/wp-json\/wp\/v2\/comments?post=70006"}],"version-history":[{"count":0,"href":"https:\/\/jms.com.bo\/mediamonitor\/wp-json\/wp\/v2\/posts\/70006\/revisions"}],"wp:featuredmedia":[{"embeddable":true,"href":"https:\/\/jms.com.bo\/mediamonitor\/wp-json\/wp\/v2\/media\/70007"}],"wp:attachment":[{"href":"https:\/\/jms.com.bo\/mediamonitor\/wp-json\/wp\/v2\/media?parent=70006"}],"wp:term":[{"taxonomy":"category","embeddable":true,"href":"https:\/\/jms.com.bo\/mediamonitor\/wp-json\/wp\/v2\/categories?post=70006"},{"taxonomy":"post_tag","embeddable":true,"href":"https:\/\/jms.com.bo\/mediamonitor\/wp-json\/wp\/v2\/tags?post=70006"}],"curies":[{"name":"wp","href":"https:\/\/api.w.org\/{rel}","templated":true}]}}