{"id":70008,"date":"2024-10-01T07:05:30","date_gmt":"2024-10-01T11:05:30","guid":{"rendered":"https:\/\/jms.com.bo\/mediamonitor\/2024\/10\/01\/exigen-al-gobierno-no-levantar-restricciones-y-respetar-declaratoria-de-desastre-nacional\/"},"modified":"2024-10-01T07:05:30","modified_gmt":"2024-10-01T11:05:30","slug":"exigen-al-gobierno-no-levantar-restricciones-y-respetar-declaratoria-de-desastre-nacional","status":"publish","type":"post","link":"https:\/\/jms.com.bo\/mediamonitor\/2024\/10\/01\/exigen-al-gobierno-no-levantar-restricciones-y-respetar-declaratoria-de-desastre-nacional\/","title":{"rendered":"Exigen al Gobierno no levantar restricciones y respetar declaratoria de desastre nacional"},"content":{"rendered":"<p style=\"text-align: justify;\">Luego que el Gobierno emiti\u00f3 ayer la declaratoria de desastre nacional debido a los incendios forestales, la senadora de Comunidad Ciudadana, Cecilia Requena, pidi\u00f3 al Gobierno actuar con \u201ccoherencia\u201d y dejar sin efecto la decisi\u00f3n de levantar la pausa ambiental de forma regionalizada, luego de un acuerdo con los interculturales.<\/p>\n<p style=\"text-align: justify;\">\u201cNo pueden hacer declaratoria de desastre y al mismo tiempo estar prometiendo que van a aceptar quemas. El Gobierno tiene que tener coherencia en lo que est\u00e1 haciendo y nada de estas negociaciones y excepciones\u201d, afirm\u00f3 la senadora en entrevista con Br\u00fajula Digital.<\/p>\n<p style=\"text-align: justify;\">La legisladora se refiri\u00f3 al acuerdo del Gobierno con organizaciones interculturales, logrado este domingo, que plantea regionalizar la pausa ambiental, lo que permitir\u00e1 retomar los chaqueos en algunas zonas. El 11 de septiembre se hab\u00eda declarado la pausa debido a los incendios forestales.<\/p>\n<p style=\"text-align: justify;\">ACUERDO INTERCULTURALES<\/p>\n<p style=\"text-align: justify;\">El Ejecutivo accedi\u00f3 al pedido de los interculturales que, a trav\u00e9s de la Federaci\u00f3n de Productores Agroecol\u00f3gicos de Yucumo y de la Federaci\u00f3n de Campesinos de Rurrenabaque, que bloquearon en la carretera La Paz-Beni en rechazo a los decretos 5203, que incrementa la multa por quemas ilegales, y 5225 que dispone pausa ambiental a nivel nacional de forma indefinida.<\/p>\n<p style=\"text-align: justify;\">La dirigencia del sector se reuni\u00f3 con el ministro de Medio Ambiente y Agua, Alan Lispeguer. En este encuentro, se acord\u00f3 regionalizar la pausa ambiental y modificar la multa para quemas ilegales.<\/p>\n<p style=\"text-align: justify;\">\u201cLo que m\u00e1s preocupaba era la superficie (que se autoriza chaquear), el c\u00e1lculo por la superficie del predio, es eso lo que se est\u00e1 observando (por parte de los interculturales), entonces estamos de acuerdo en que eso se va a modificar en ese decreto\u201d, dijo el ministro en entrevista con Radio Origen Yucumo.<\/p>\n<p style=\"text-align: justify;\">En cuanto a la pausa ambiental, Lispeguer indic\u00f3 que lo que preocupaba al sector es la suspensi\u00f3n de las autorizaciones de quema por lo que se determin\u00f3 establecer una regionalizaci\u00f3n debido a que \u201cno es lo mismo en diferentes departamentos las condiciones ambientales y los sistemas de producci\u00f3n\u201d.<\/p>\n<p style=\"text-align: justify;\">RIESGOS DEL CHAQUEO EN ZONAS BIODIVERSAS<\/p>\n<p style=\"text-align: justify;\">La senadora Requena record\u00f3 que Yucumo se encuentra cerca del \u00e1rea protegida Pil\u00f3n Lajas, que se extiende hasta La Paz, lo que podr\u00eda causar que, como el a\u00f1o pasado, \u00e1reas protegidas del departamento se vean afectadas por el fuego.<\/p>\n<p style=\"text-align: justify;\">\u201cEsto quiere decir que van a flexibilizar, hacer una excepci\u00f3n para esta regi\u00f3n, pero esta regi\u00f3n tambi\u00e9n est\u00e1 en sequ\u00eda, toda la cuenca amaz\u00f3nica. Es muy peligroso porque se pueden generar nuevos incendios forestales en este sector del occidente del Beni y norte de La Paz\u201d, afirm\u00f3.<\/p>\n<p style=\"text-align: justify;\">INTERESES ELECTORALES<\/p>\n<p style=\"text-align: justify;\">Indic\u00f3 que esta decisi\u00f3n del Gobierno se debe a dos razones: la incapacidad de controlar actividades ilegales, como la miner\u00eda y los incendios, y porque, al tratarse de su base social, estar\u00edan pensando en los votos para las elecciones de 2025.<\/p>\n<p style=\"text-align: justify;\">\u201cSon su base social y est\u00e1n pensando en votos para dentro de un a\u00f1o y no les importa el costo impagable e irreversible que esa negociaci\u00f3n con un sector va a afectarle a todo el pa\u00eds porque estamos destruyendo las fuentes de las aguas\u201d, dijo Requena.<\/p>\n<p style=\"text-align: justify;\">La senadora afirm\u00f3 que no deber\u00edan permitirse pr\u00e1cticas agropecuarias que impliquen chaqueo en zonas del pa\u00eds con bosques tan biodiversos. Alert\u00f3 que los incendios tambi\u00e9n ponen en riesgo la dotaci\u00f3n de agua.<\/p>\n<p style=\"text-align: justify;\">\u201cEste a\u00f1o ya tenemos m\u00e1s de 8 millones de hect\u00e1reas (afectadas) en el pa\u00eds\u201d, afirm\u00f3 Requena.<\/p>\n<p style=\"text-align: justify;\">A\u00f1adi\u00f3 que espera que, con la declaratoria de desastre emitida por el Gobierno, la cual la calific\u00f3 como \u201ctard\u00eda\u201d ahora llegue al pa\u00eds ayuda internacional de forma m\u00e1s r\u00e1pida.<\/p>\n<p style=\"text-align: justify;\">El Gobierno decret\u00f3 ayer la declaratoria de desastre nacional debido a los incendios que afectan a Santa Cruz, Beni, Pando y algunas localidades del norte de La Paz.<\/p>\n<p style=\"text-align: justify;\">IMPLICACIONES DE LA DECLARATORIA<\/p>\n<p style=\"text-align: justify;\">El Sistema de Informaci\u00f3n Legal del Estado Plurinacional (Silep), inform\u00f3 que de acuerdo a la Ley 602, una vez emitida la declaratoria de desastres y\/o emergencias nacionales, departamentales, municipales e ind\u00edgena originario campesinas, las entidades quedan facultadas para realizar la contrataci\u00f3n de bienes y servicios bajo la Modalidad de Contrataci\u00f3n por Desastres y\/o Emergencias establecida en la normativa vigente.<\/p>\n<p style=\"text-align: justify;\">Tambi\u00e9n se dispone que la contrataci\u00f3n de bienes y servicios en situaciones de desastres y\/o emergencias, deben estar orientadas a la atenci\u00f3n inmediata y oportuna de las poblaciones y sectores afectados.<\/p>\n<p style=\"text-align: justify;\">Declarada la situaci\u00f3n de desastre entra en vigencia el r\u00e9gimen de excepci\u00f3n establecido en la presente ley y tendr\u00e1 una duraci\u00f3n de un plazo m\u00e1ximo de nueve meses.<\/p>\n<p style=\"text-align: justify;\">El retorno a la normalidad de la situaci\u00f3n de desastre declarada implica la conclusi\u00f3n del r\u00e9gimen de excepci\u00f3n, de acuerdo al reglamento de la norma 602.<\/p>\n<p style=\"text-align: justify;\">Tambi\u00e9n se autoriza al Ministerio de Defensa a constituir el fideicomiso \u201cFondo para la Reducci\u00f3n de Riesgos y Atenci\u00f3n de Desastres y\/o Emergencias\u201d (Forade), con la finalidad de captar y administrar recursos para financiar la gesti\u00f3n de riesgos, en los niveles nacional, departamental, municipal y autonom\u00edas ind\u00edgena originario campesinas en el marco de la Ley 602 y conforme a reglamento.<\/p>\n<p style=\"text-align: justify;\">Se establece que dicho fideicomiso no podr\u00e1 otorgar ni contratar cr\u00e9ditos y adem\u00e1s las asignaciones de recursos ser\u00e1n autorizadas previa evaluaci\u00f3n t\u00e9cnica del Consejo Nacional de Reducci\u00f3n de Riesgos de Desastres (Conarade).<\/p>\n<p style=\"text-align: justify;\">APOYO INTERNACIONAL<\/p>\n<p style=\"text-align: justify;\">El Jefe de Estado hizo un llamado a la comunidad internacional ayer durante una reuni\u00f3n con el cuerpo diplom\u00e1tico acreditado en Bolivia, subray\u00f3 la necesidad de unir esfuerzos ante la grave crisis de incendios forestales que afecta al pa\u00eds.<\/p>\n<p style=\"text-align: justify;\">\u201cLa magnitud del desastre que enfrentamos exige que esta lucha sea de todos, no solo de Bolivia\u201d, afirm\u00f3 Arce, en relaci\u00f3n a la emergencia que llev\u00f3 al Gobierno a la declaraci\u00f3n de desastre nacional.<\/p>\n<p style=\"text-align: justify;\">En el encuentro, funcionarios del Ministerio de Medio Ambiente y Agua presentaron un informe gubernamental, revelando que los incendios han devastado aproximadamente 6,9 millones de hect\u00e1reas en todo el territorio nacional. De esta cifra, 4,6 millones de hect\u00e1reas corresponden a bosques y 2,3 millones a pastizales, siendo Santa Cruz y Beni los departamentos m\u00e1s afectados.<\/p>\n<p style=\"text-align: justify;\">\u201cLa situaci\u00f3n que estamos atravesando en el pa\u00eds amerita una mayor cooperaci\u00f3n y esfuerzo por cada uno de nosotros, porque este tipo de fen\u00f3menos ya no solamente corresponde a la lucha de un solo pa\u00eds\u201d, explic\u00f3 Arce en el inicio de la reuni\u00f3n.<\/p>\n<p style=\"text-align: justify;\">Los gobiernos de Venezuela y Francia enviaron bomberos y equipos a\u00e9reos para combatir los incendios. El embajador venezolano, C\u00e9sar Gabriel Tr\u00f3mpiz, anunci\u00f3 que 61 bomberos de la Fuerza de Tarea Humanitaria Sim\u00f3n Bol\u00edvar est\u00e1n operando en Bolivia, y se evaluar\u00e1 aumentar la cooperaci\u00f3n. Por su parte, la embajadora de Francia, Helene Roos, inform\u00f3 que su pa\u00eds ha contribuido con un helic\u00f3ptero para ayudar en las tareas de extinci\u00f3n.<\/p>\n<p style=\"text-align: justify;\">Adem\u00e1s, la Organizaci\u00f3n Mundial de la Salud (OMS) gestion\u00f3 una donaci\u00f3n de medicamentos para tratar las afectaciones causadas por el humo. Alma Morales, representante de la OMS, mencion\u00f3 que se est\u00e1n movilizando m\u00e1s recursos para continuar con la asistencia m\u00e9dica.<\/p>\n<p style=\"text-align: justify;\">En representaci\u00f3n de Colombia, la embajadora Elizabeth Garc\u00eda expres\u00f3 su solidaridad y mencion\u00f3 la posibilidad de enviar bomberos desde la regi\u00f3n amaz\u00f3nica para sumarse a los esfuerzos de mitigaci\u00f3n en Bolivia.<\/p>\n<p style=\"text-align: justify;\">El encuentro con el cuerpo diplom\u00e1tico tuvo lugar tras la emisi\u00f3n del Decreto Supremo 5235, que declara oficialmente la situaci\u00f3n de desastre nacional. Este decreto establece los mecanismos para canalizar la cooperaci\u00f3n internacional y coordinar la respuesta de los distintos niveles del Estado frente a la emergencia. Asimismo, se prev\u00e9 la reorientaci\u00f3n de recursos financieros a trav\u00e9s del Ministerio de Econom\u00eda y el dise\u00f1o de un plan de recuperaci\u00f3n postdesastre liderado por el Ministerio de Planificaci\u00f3n del Desarrollo. (Br\u00fajula Digital\/EL DIARIO\/agencias)<\/p>\n","protected":false},"excerpt":{"rendered":"<p>Luego que el Gobierno emiti\u00f3 ayer la declaratoria de desastre nacional debido a los incendios forestales, la senadora de Comunidad Ciudadana, Cecilia Requena, pidi\u00f3 al Gobierno actuar con \u201ccoherencia\u201d y dejar sin efecto la decisi\u00f3n de levantar la pausa ambiental de forma regionalizada, luego de un acuerdo con los interculturales. \u201cNo pueden hacer declaratoria de [&hellip;]<\/p>\n","protected":false},"author":4,"featured_media":70009,"comment_status":"open","ping_status":"closed","sticky":false,"template":"","format":"standard","meta":{"footnotes":""},"categories":[49],"tags":[],"class_list":{"0":"post-70008","1":"post","2":"type-post","3":"status-publish","4":"format-standard","5":"has-post-thumbnail","7":"category-social"},"_links":{"self":[{"href":"https:\/\/jms.com.bo\/mediamonitor\/wp-json\/wp\/v2\/posts\/70008","targetHints":{"allow":["GET"]}}],"collection":[{"href":"https:\/\/jms.com.bo\/mediamonitor\/wp-json\/wp\/v2\/posts"}],"about":[{"href":"https:\/\/jms.com.bo\/mediamonitor\/wp-json\/wp\/v2\/types\/post"}],"author":[{"embeddable":true,"href":"https:\/\/jms.com.bo\/mediamonitor\/wp-json\/wp\/v2\/users\/4"}],"replies":[{"embeddable":true,"href":"https:\/\/jms.com.bo\/mediamonitor\/wp-json\/wp\/v2\/comments?post=70008"}],"version-history":[{"count":0,"href":"https:\/\/jms.com.bo\/mediamonitor\/wp-json\/wp\/v2\/posts\/70008\/revisions"}],"wp:featuredmedia":[{"embeddable":true,"href":"https:\/\/jms.com.bo\/mediamonitor\/wp-json\/wp\/v2\/media\/70009"}],"wp:attachment":[{"href":"https:\/\/jms.com.bo\/mediamonitor\/wp-json\/wp\/v2\/media?parent=70008"}],"wp:term":[{"taxonomy":"category","embeddable":true,"href":"https:\/\/jms.com.bo\/mediamonitor\/wp-json\/wp\/v2\/categories?post=70008"},{"taxonomy":"post_tag","embeddable":true,"href":"https:\/\/jms.com.bo\/mediamonitor\/wp-json\/wp\/v2\/tags?post=70008"}],"curies":[{"name":"wp","href":"https:\/\/api.w.org\/{rel}","templated":true}]}}