{"id":70014,"date":"2024-10-01T07:09:33","date_gmt":"2024-10-01T11:09:33","guid":{"rendered":"https:\/\/jms.com.bo\/mediamonitor\/2024\/10\/01\/los-proyectos-de-creditos-para-combatir-los-incendios-fueron-remitidos-este-lunes-a-diputados\/"},"modified":"2024-10-01T07:09:33","modified_gmt":"2024-10-01T11:09:33","slug":"los-proyectos-de-creditos-para-combatir-los-incendios-fueron-remitidos-este-lunes-a-diputados","status":"publish","type":"post","link":"https:\/\/jms.com.bo\/mediamonitor\/2024\/10\/01\/los-proyectos-de-creditos-para-combatir-los-incendios-fueron-remitidos-este-lunes-a-diputados\/","title":{"rendered":"Los proyectos de cr\u00e9ditos para combatir los incendios fueron remitidos este lunes a Diputados"},"content":{"rendered":"<p style=\"text-align: justify;\">El presidente de la C\u00e1mara de Diputados, Israel Huaytari, inform\u00f3 a la prensa que los proyectos de cr\u00e9ditos para combatir incendios forestales, de los cuales el Gobierno responsabiliz\u00f3 a la Asamblea Legislativa por su no aprobaci\u00f3n, reci\u00e9n fueron remitidos a la C\u00e1mara Baja la tarde del lunes.<\/p>\n<p style=\"text-align: justify;\">\u201cReci\u00e9n lo han metido a la ventanilla el proyecto. Nosotros inmediatamente los vamos a remitir a la comisi\u00f3n que corresponda. Una vez aprobada en la comisi\u00f3n, nosotros colocamos en el pleno\u201d, explic\u00f3 a los periodistas.<\/p>\n<p style=\"text-align: justify;\">La ma\u00f1ana del lunes, el Gobierno declar\u00f3 desastre nacional por los incendios forestales e inst\u00f3 a la Asamblea aprobar dos proyectos de cr\u00e9ditos por $us 325 millones para poder atender la situaci\u00f3n ambiental.<\/p>\n<p style=\"text-align: justify;\">Se trata de un pr\u00e9stamo de $us 75 millones, proveniente de la Corporaci\u00f3n Andina de Fomento (CAF) y, el otro, de $us 250 millones, del Banco Interamericano de Desarrollo (BID).<\/p>\n<p style=\"text-align: justify;\">Conocida la demanda del Gobierno, la C\u00e1mara de Senadores neg\u00f3 que estos cr\u00e9ditos hayan sido remitidos a esta instancia legislativa.<\/p>\n<p style=\"text-align: justify;\">Priorizar<br \/>\nHuaytari, al ser consultado por los periodistas, respondi\u00f3: \u201cacaban de presentar el proyecto en la tarde\u201d.<\/p>\n<p style=\"text-align: justify;\">El presidente de Diputados sostuvo que seguramente la aprobaci\u00f3n habr\u00eda permitido una mejor respuesta contra los incendios, pero recalc\u00f3 que existe un procedimiento legislativo.<\/p>\n<p style=\"text-align: justify;\">Ahora, los proyectos ser\u00e1n remitidos a una comisi\u00f3n que deber\u00e1 realizar la evaluaci\u00f3n. Sin embargo, debido a la importancia y la declaratoria de desastre nacional, Huaytari explic\u00f3 que se podr\u00eda priorizar su tratamiento mediante la dispensaci\u00f3n de tr\u00e1mites.<\/p>\n","protected":false},"excerpt":{"rendered":"<p>El presidente de la C\u00e1mara de Diputados, Israel Huaytari, inform\u00f3 a la prensa que los proyectos de cr\u00e9ditos para combatir incendios forestales, de los cuales el Gobierno responsabiliz\u00f3 a la Asamblea Legislativa por su no aprobaci\u00f3n, reci\u00e9n fueron remitidos a la C\u00e1mara Baja la tarde del lunes. \u201cReci\u00e9n lo han metido a la ventanilla el [&hellip;]<\/p>\n","protected":false},"author":4,"featured_media":70015,"comment_status":"open","ping_status":"closed","sticky":false,"template":"","format":"standard","meta":{"footnotes":""},"categories":[20,47,48],"tags":[],"class_list":{"0":"post-70014","1":"post","2":"type-post","3":"status-publish","4":"format-standard","5":"has-post-thumbnail","7":"category-actualidad","8":"category-portada-actualidad","9":"category-portada-general-sitio"},"_links":{"self":[{"href":"https:\/\/jms.com.bo\/mediamonitor\/wp-json\/wp\/v2\/posts\/70014","targetHints":{"allow":["GET"]}}],"collection":[{"href":"https:\/\/jms.com.bo\/mediamonitor\/wp-json\/wp\/v2\/posts"}],"about":[{"href":"https:\/\/jms.com.bo\/mediamonitor\/wp-json\/wp\/v2\/types\/post"}],"author":[{"embeddable":true,"href":"https:\/\/jms.com.bo\/mediamonitor\/wp-json\/wp\/v2\/users\/4"}],"replies":[{"embeddable":true,"href":"https:\/\/jms.com.bo\/mediamonitor\/wp-json\/wp\/v2\/comments?post=70014"}],"version-history":[{"count":0,"href":"https:\/\/jms.com.bo\/mediamonitor\/wp-json\/wp\/v2\/posts\/70014\/revisions"}],"wp:featuredmedia":[{"embeddable":true,"href":"https:\/\/jms.com.bo\/mediamonitor\/wp-json\/wp\/v2\/media\/70015"}],"wp:attachment":[{"href":"https:\/\/jms.com.bo\/mediamonitor\/wp-json\/wp\/v2\/media?parent=70014"}],"wp:term":[{"taxonomy":"category","embeddable":true,"href":"https:\/\/jms.com.bo\/mediamonitor\/wp-json\/wp\/v2\/categories?post=70014"},{"taxonomy":"post_tag","embeddable":true,"href":"https:\/\/jms.com.bo\/mediamonitor\/wp-json\/wp\/v2\/tags?post=70014"}],"curies":[{"name":"wp","href":"https:\/\/api.w.org\/{rel}","templated":true}]}}